{"id":11470,"date":"2017-04-21T16:31:58","date_gmt":"2017-04-21T16:31:58","guid":{"rendered":"http:\/\/daemlaja.cl\/wp\/?p=11470"},"modified":"2017-04-21T19:07:25","modified_gmt":"2017-04-21T19:07:25","slug":"atletas-escolares-lajinos-compiten-en-torneo-interescolar-zona-sur","status":"publish","type":"post","link":"https:\/\/daemlaja.cl\/wp\/atletas-escolares-lajinos-compiten-en-torneo-interescolar-zona-sur\/","title":{"rendered":"Atletas escolares lajinos compiten en torneo interescolar zona sur"},"content":{"rendered":"<p><em>Atletismo de Escuela de Deportes, har\u00e1 debutar a su semillero en unos de los torneos escolares m\u00e1s importantes a nivel nacional.<\/em><br \/>\n<!--more--><\/p>\n<p>El atletismo es una de las ramas de la Escuela de Deportes Municipal que m\u00e1s \u00e9xitos \u00a0ha entregado al deporte educacional comunal, grande nombres como C\u00e9sar Cofr\u00e9, Nicol\u00e1s Vera, Michael Castro, Ana Calder\u00f3n, Ana D\u00edaz, son solo algunos de los que dejaron huellas.<\/p>\n<p>Hoy, Sergio Parra t\u00e9cnico que viene por a\u00f1os trabajando en el atletismo escolar, explica que se ha dado inicio al trabajo con una nueva generaci\u00f3n de atletas, todos muy j\u00f3venes, con edades que parten en los 10 a\u00f1os, lo que les da una gran proyecci\u00f3n en el mediano y largo plazo, un grupo de aproximadamente 20 j\u00f3venes, en las diversas disciplinas del atletismo.<\/p>\n<p>Este verdadero relevo generacional, se espera comience a mostrarse en la final de los Juegos Deportivos Escolares, en categor\u00eda sub 14, en octubre de este a\u00f1o, all\u00ed un grupo en esa categor\u00eda han de estar listos\u00a0 y se podr\u00e1 esperar resultados\u2026<\/p>\n<p>Parra dice, mientras m\u00e1s tiempo lleven en la disciplina, mejor preparados van a llegar a competencias de nivel, como la mencionada, a eso se apunta por ahora. Piensa el t\u00e9cnico que est\u00e1 la posibilidad cierta de clasificar un buen n\u00famero a la final de estos juegos.<\/p>\n<p>Otra novedad, es que este a\u00f1o se comenz\u00f3 a trabajar por primera vez en salto con garrocha, siendo Vicente Toledo el primero en esta modalidad. Los trabajos semanales para \u00e9l ya se est\u00e1n dando y pronto estar\u00e1 en condiciones de competir, es una futura \u201ccarta\u201d.<\/p>\n<p>Este fin de semana (22 y 23 de abril) se efect\u00faa en Valdivia el Campeonato Interescolar Mixto Zona Sur, una de las competencias m\u00e1s importantes a nivel escolar, en el cual participan deportistas de colegios municipalizados, particulares y particulares subvencionados, desde la sexta regi\u00f3n al sur. Este torneo ser\u00e1 la primera experiencia competitiva a gran nivel para muchos de estos nuevos atletas. Son diecis\u00e9is j\u00f3venes de este semillero los que componen el grupo en este viaje, el que se efect\u00faa con el apoyo del municipio y el departamento de educaci\u00f3n municipal.<\/p>\n<p>All\u00ed los j\u00f3venes competir\u00e1n en pruebas como: lanzamientos de pelotita, bala, jabalina, saltos, vallas, entre otras.<\/p>\n<p>Respecto a lo que se espera del grupo en esta participaci\u00f3n, Sergio Parra es claro:<\/p>\n<blockquote><p>\u201dSon ni\u00f1os que salen por primera vez, solo queremos ahora que disfruten la experiencia de competir en un campeonato de esta jerarqu\u00eda y lo pasen bien\u201d.<\/p><\/blockquote>\n<p>Vicente Toledo, quien en este torneo deja la garrocha de lado y competir\u00e1 en vallas, adem\u00e1s de saltos largo y alto,\u00a0 comenta sus expectativas, dice busca experiencias, medirse, para saber como est\u00e1, tiene expectativas, pero reconoce lleva poco en el atletismo e independiente de los resultados de ahora, solo seguir trabajando fuerte, los resultados ya vendr\u00e1n.<\/p>\n<p>Desear al grupo un buen viaje, se sabe que pese a su juventud est\u00e1n mentalizados para dar lo mejor.<\/p>\n<div id='gallery-1' class='gallery galleryid-11470 gallery-columns-3 gallery-size-thumbnail'><figure class='gallery-item'>\n\t\t\t<div class='gallery-icon landscape'>\n\t\t\t\t<a href='https:\/\/daemlaja.cl\/wp\/wp-content\/uploads\/2017\/04\/DSC2974-copia.jpg'><img loading=\"lazy\" decoding=\"async\" width=\"150\" height=\"150\" src=\"https:\/\/daemlaja.cl\/wp\/wp-content\/uploads\/2017\/04\/DSC2974-copia-150x150.jpg\" class=\"attachment-thumbnail size-thumbnail\" alt=\"\" srcset=\"https:\/\/daemlaja.cl\/wp\/wp-content\/uploads\/2017\/04\/DSC2974-copia-150x150.jpg 150w, https:\/\/daemlaja.cl\/wp\/wp-content\/uploads\/2017\/04\/DSC2974-copia-70x70.jpg 70w\" sizes=\"auto, (max-width: 150px) 100vw, 150px\" \/><\/a>\n\t\t\t<\/div><\/figure><figure class='gallery-item'>\n\t\t\t<div class='gallery-icon landscape'>\n\t\t\t\t<a href='https:\/\/daemlaja.cl\/wp\/wp-content\/uploads\/2017\/04\/DSC2980-copia.jpg'><img loading=\"lazy\" decoding=\"async\" width=\"150\" height=\"150\" src=\"https:\/\/daemlaja.cl\/wp\/wp-content\/uploads\/2017\/04\/DSC2980-copia-150x150.jpg\" class=\"attachment-thumbnail size-thumbnail\" alt=\"\" srcset=\"https:\/\/daemlaja.cl\/wp\/wp-content\/uploads\/2017\/04\/DSC2980-copia-150x150.jpg 150w, https:\/\/daemlaja.cl\/wp\/wp-content\/uploads\/2017\/04\/DSC2980-copia-70x70.jpg 70w\" sizes=\"auto, (max-width: 150px) 100vw, 150px\" \/><\/a>\n\t\t\t<\/div><\/figure><figure class='gallery-item'>\n\t\t\t<div class='gallery-icon landscape'>\n\t\t\t\t<a href='https:\/\/daemlaja.cl\/wp\/wp-content\/uploads\/2017\/04\/atlatsa-viajan-copia.jpg'><img loading=\"lazy\" decoding=\"async\" width=\"150\" height=\"150\" src=\"https:\/\/daemlaja.cl\/wp\/wp-content\/uploads\/2017\/04\/atlatsa-viajan-copia-150x150.jpg\" class=\"attachment-thumbnail size-thumbnail\" alt=\"\" srcset=\"https:\/\/daemlaja.cl\/wp\/wp-content\/uploads\/2017\/04\/atlatsa-viajan-copia-150x150.jpg 150w, https:\/\/daemlaja.cl\/wp\/wp-content\/uploads\/2017\/04\/atlatsa-viajan-copia-70x70.jpg 70w\" sizes=\"auto, (max-width: 150px) 100vw, 150px\" \/><\/a>\n\t\t\t<\/div><\/figure>\n\t\t<\/div>\n\n","protected":false},"excerpt":{"rendered":"<p>Atletismo de Escuela de Deportes, har\u00e1 debutar a su semillero en unos de los torneos escolares m\u00e1s importantes a nivel nacional.<\/p>\n","protected":false},"author":6,"featured_media":11474,"comment_status":"closed","ping_status":"closed","sticky":false,"template":"","format":"standard","meta":{"_uag_custom_page_level_css":"","site-sidebar-layout":"default","site-content-layout":"","ast-site-content-layout":"","site-content-style":"default","site-sidebar-style":"default","ast-global-header-display":"","ast-banner-title-visibility":"","ast-main-header-display":"","ast-hfb-above-header-display":"","ast-hfb-below-header-display":"","ast-hfb-mobile-header-display":"","site-post-title":"","ast-breadcrumbs-content":"","ast-featured-img":"","footer-sml-layout":"","theme-transparent-header-meta":"","adv-header-id-meta":"","stick-header-meta":"","header-above-stick-meta":"","header-main-stick-meta":"","header-below-stick-meta":"","astra-migrate-meta-layouts":"default","ast-page-background-enabled":"default","ast-page-background-meta":{"desktop":{"background-color":"var(--ast-global-color-4)","background-image":"","background-repeat":"repeat","background-position":"center center","background-size":"auto","background-attachment":"scroll","background-type":"","background-media":"","overlay-type":"","overlay-color":"","overlay-opacity":"","overlay-gradient":""},"tablet":{"background-color":"","background-image":"","background-repeat":"repeat","background-position":"center center","background-size":"auto","background-attachment":"scroll","background-type":"","background-media":"","overlay-type":"","overlay-color":"","overlay-opacity":"","overlay-gradient":""},"mobile":{"background-color":"","background-image":"","background-repeat":"repeat","background-position":"center center","background-size":"auto","background-attachment":"scroll","background-type":"","background-media":"","overlay-type":"","overlay-color":"","overlay-opacity":"","overlay-gradient":""}},"ast-content-background-meta":{"desktop":{"background-color":"var(--ast-global-color-5)","background-image":"","background-repeat":"repeat","background-position":"center center","background-size":"auto","background-attachment":"scroll","background-type":"","background-media":"","overlay-type":"","overlay-color":"","overlay-opacity":"","overlay-gradient":""},"tablet":{"background-color":"var(--ast-global-color-5)","background-image":"","background-repeat":"repeat","background-position":"center center","background-size":"auto","background-attachment":"scroll","background-type":"","background-media":"","overlay-type":"","overlay-color":"","overlay-opacity":"","overlay-gradient":""},"mobile":{"background-color":"var(--ast-global-color-5)","background-image":"","background-repeat":"repeat","background-position":"center center","background-size":"auto","background-attachment":"scroll","background-type":"","background-media":"","overlay-type":"","overlay-color":"","overlay-opacity":"","overlay-gradient":""}},"ngg_post_thumbnail":0,"footnotes":""},"categories":[37,38],"tags":[],"class_list":["post-11470","post","type-post","status-publish","format-standard","has-post-thumbnail","hentry","category-deportes","category-slide"],"uagb_featured_image_src":{"full":["https:\/\/daemlaja.cl\/wp\/wp-content\/uploads\/2017\/04\/atlatsa-viajan-copia.jpg",3264,2448,false],"thumbnail":["https:\/\/daemlaja.cl\/wp\/wp-content\/uploads\/2017\/04\/atlatsa-viajan-copia-150x150.jpg",150,150,true],"medium":["https:\/\/daemlaja.cl\/wp\/wp-content\/uploads\/2017\/04\/atlatsa-viajan-copia-300x225.jpg",300,225,true],"medium_large":["https:\/\/daemlaja.cl\/wp\/wp-content\/uploads\/2017\/04\/atlatsa-viajan-copia-768x576.jpg",768,576,true],"large":["https:\/\/daemlaja.cl\/wp\/wp-content\/uploads\/2017\/04\/atlatsa-viajan-copia-1024x768.jpg",1024,768,true],"1536x1536":["https:\/\/daemlaja.cl\/wp\/wp-content\/uploads\/2017\/04\/atlatsa-viajan-copia.jpg",1536,1152,false],"2048x2048":["https:\/\/daemlaja.cl\/wp\/wp-content\/uploads\/2017\/04\/atlatsa-viajan-copia.jpg",2048,1536,false]},"uagb_author_info":{"display_name":"Cristian Matamala","author_link":false},"uagb_comment_info":0,"uagb_excerpt":"Atletismo de Escuela de Deportes, har\u00e1 debutar a su semillero en unos de los torneos escolares m\u00e1s importantes a nivel nacional.","_links":{"self":[{"href":"https:\/\/daemlaja.cl\/wp\/wp-json\/wp\/v2\/posts\/11470","targetHints":{"allow":["GET"]}}],"collection":[{"href":"https:\/\/daemlaja.cl\/wp\/wp-json\/wp\/v2\/posts"}],"about":[{"href":"https:\/\/daemlaja.cl\/wp\/wp-json\/wp\/v2\/types\/post"}],"author":[{"embeddable":true,"href":"https:\/\/daemlaja.cl\/wp\/wp-json\/wp\/v2\/users\/6"}],"replies":[{"embeddable":true,"href":"https:\/\/daemlaja.cl\/wp\/wp-json\/wp\/v2\/comments?post=11470"}],"version-history":[{"count":2,"href":"https:\/\/daemlaja.cl\/wp\/wp-json\/wp\/v2\/posts\/11470\/revisions"}],"predecessor-version":[{"id":11475,"href":"https:\/\/daemlaja.cl\/wp\/wp-json\/wp\/v2\/posts\/11470\/revisions\/11475"}],"wp:featuredmedia":[{"embeddable":true,"href":"https:\/\/daemlaja.cl\/wp\/wp-json\/wp\/v2\/media\/11474"}],"wp:attachment":[{"href":"https:\/\/daemlaja.cl\/wp\/wp-json\/wp\/v2\/media?parent=11470"}],"wp:term":[{"taxonomy":"category","embeddable":true,"href":"https:\/\/daemlaja.cl\/wp\/wp-json\/wp\/v2\/categories?post=11470"},{"taxonomy":"post_tag","embeddable":true,"href":"https:\/\/daemlaja.cl\/wp\/wp-json\/wp\/v2\/tags?post=11470"}],"curies":[{"name":"wp","href":"https:\/\/api.w.org\/{rel}","templated":true}]}}