{"id":11494,"date":"2017-04-25T11:23:42","date_gmt":"2017-04-25T11:23:42","guid":{"rendered":"http:\/\/daemlaja.cl\/wp\/?p=11494"},"modified":"2017-04-25T11:25:13","modified_gmt":"2017-04-25T11:25:13","slug":"atletas-lajinos-cumplieron-en-el-interescolar-zona-sur","status":"publish","type":"post","link":"https:\/\/daemlaja.cl\/wp\/atletas-lajinos-cumplieron-en-el-interescolar-zona-sur\/","title":{"rendered":"Atletas lajinos cumplieron en el interescolar zona sur."},"content":{"rendered":"<p><em>Nueva generaci\u00f3n de atletas escolares lajinos debutaron en torneo de jerarqu\u00eda.\u00a0<\/em><!--more--><\/p>\n<p>M\u00e1s de mil deportistas provenientes de Santiago \u00a0a Punta Arenas, acudieron al Torneo Interescolar Mixto, Zona Sur de Atletismo, efectuado este pasado fin de semana en Valdivia. La Escuela de Deportes Municipal de Laja dijo presente con una delegaci\u00f3n de diecis\u00e9is atletas, a cargo del t\u00e9cnico Sergio Parra Salcedo. Quien, a la partida, hab\u00eda comentado que acud\u00eda a esta cita deportiva con el \u201csemillero\u201d, una nueva generaci\u00f3n en el atletismo escolar local.<\/p>\n<p>El campeonato es organizado \u00a0por el Club Atl\u00e9tico de Santiago, en esta oportunidad con el apoyo de la Asociaci\u00f3n Atl\u00e9tica Regional de Los R\u00edos. Los atletas compitieron en cuatro categor\u00edas: Preparatoria, Infantil, Intermedia y Superior.<\/p>\n<p>Nuestra Escuela de Deportes, sub\u00edo al podio con Nimzy Mart\u00ednez, quien obtuvo 2\u00ba lugar y medalla de plata en lanzamiento de la pelotita, con una distancia \u00a0de 43,98 metros, a menos de un metro del record del torneo. Por su parte Mat\u00edas Inostroza, obtuvo 2\u00ba lugar y medalla de plata, tambi\u00e9n en lanzamiento de la pelotita, con una distancia de 44, 87 metros.<\/p>\n<p>A los anteriores deportistas se sumaron Alexis Cid, con un 4\u00ba lugar en lanzamiento de la jabalina y 5\u00ba lugar en lanzamiento de la bala. Finalmente Mario Moyano, result\u00f3 en 8\u00ba lugar en lanzamiento de la bala.<\/p>\n<p>Lo logrado estaba dentro de lo que el t\u00e9cnico Sergio Parra hab\u00eda presupuestado y era parte del objetivo del viaje. \u201cNuestra delegaci\u00f3n tuvo una buena participaci\u00f3n, los ni\u00f1os dieron el m\u00e1ximo de su capacidad, en una experiencia a gran nivel\u201d indica Parra, se\u00f1alando que esto avala sus dichos, respecto a la proyecci\u00f3n de sus atletas y quienes pod\u00edan conseguir podio, lo que ratifica que esos nombres deben ahora ir al interescolar de Santiago.<\/p>\n<p>Dice, cada delegaci\u00f3n viaj\u00f3 con lo mejor que tiene, eso hace importante este torneo y por la presencia de muchos colegios particulares, haci\u00e9ndolo m\u00e1s competitivo, por el nivel de sus atletas.<\/p>\n<p>El t\u00e9cnico lajino, por esto mismo le da importancia a lo logrado, por ejemplo Mat\u00edas Inostroza y su 2\u00ba lugar, dentro de 54 lanzadores, aclara, es algo meritorio, m\u00e1s cuando \u00e9l no tiene la suficiente experiencia.<\/p>\n<p>El trabajo que se hace en este momento en la Escuela de Deportes es un proceso a mediano y largo plazo, ac\u00e1 el t\u00e9cnico pone otro ejemplo dice \u201cNimzy Mart\u00ednez la proyecto en dos a\u00f1os m\u00e1s estar peleando medalla a nivel sudamericano, ella ya se destaca, como en este torneo, debiera estar igualmente en octubre en la final de los Juegos Nacionales Deportivos Escolares, con reci\u00e9n 12 a\u00f1os\u2026es un trabajo proyectado en el tiempo\u201d.<\/p>\n<p>Solo resta felicitar a estos j\u00f3venes atletas, tienen mucho tiempo para destacar. Por lo pronto la tranquilidad de que el trabajo en Laja se hace de buena forma, con el respaldo de la autoridad municipal y educacional.<span style=\"font-size: 10px;\">(cjdaem)<\/span><\/p>\n<div id='gallery-1' class='gallery galleryid-11494 gallery-columns-3 gallery-size-thumbnail'><figure class='gallery-item'>\n\t\t\t<div class='gallery-icon landscape'>\n\t\t\t\t<a href='https:\/\/daemlaja.cl\/wp\/wp-content\/uploads\/2017\/04\/atletismo-1.jpeg'><img loading=\"lazy\" decoding=\"async\" width=\"150\" height=\"150\" src=\"https:\/\/daemlaja.cl\/wp\/wp-content\/uploads\/2017\/04\/atletismo-1-150x150.jpeg\" class=\"attachment-thumbnail size-thumbnail\" alt=\"\" srcset=\"https:\/\/daemlaja.cl\/wp\/wp-content\/uploads\/2017\/04\/atletismo-1-150x150.jpeg 150w, https:\/\/daemlaja.cl\/wp\/wp-content\/uploads\/2017\/04\/atletismo-1-70x70.jpeg 70w\" sizes=\"auto, (max-width: 150px) 100vw, 150px\" \/><\/a>\n\t\t\t<\/div><\/figure><figure class='gallery-item'>\n\t\t\t<div class='gallery-icon landscape'>\n\t\t\t\t<a href='https:\/\/daemlaja.cl\/wp\/wp-content\/uploads\/2017\/04\/Atletismo-2.jpeg'><img loading=\"lazy\" decoding=\"async\" width=\"150\" height=\"150\" src=\"https:\/\/daemlaja.cl\/wp\/wp-content\/uploads\/2017\/04\/Atletismo-2-150x150.jpeg\" class=\"attachment-thumbnail size-thumbnail\" alt=\"\" srcset=\"https:\/\/daemlaja.cl\/wp\/wp-content\/uploads\/2017\/04\/Atletismo-2-150x150.jpeg 150w, https:\/\/daemlaja.cl\/wp\/wp-content\/uploads\/2017\/04\/Atletismo-2-70x70.jpeg 70w\" sizes=\"auto, (max-width: 150px) 100vw, 150px\" \/><\/a>\n\t\t\t<\/div><\/figure><figure class='gallery-item'>\n\t\t\t<div class='gallery-icon landscape'>\n\t\t\t\t<a href='https:\/\/daemlaja.cl\/wp\/wp-content\/uploads\/2017\/04\/Atletismo-3.jpeg'><img loading=\"lazy\" decoding=\"async\" width=\"150\" height=\"150\" src=\"https:\/\/daemlaja.cl\/wp\/wp-content\/uploads\/2017\/04\/Atletismo-3-150x150.jpeg\" class=\"attachment-thumbnail size-thumbnail\" alt=\"\" srcset=\"https:\/\/daemlaja.cl\/wp\/wp-content\/uploads\/2017\/04\/Atletismo-3-150x150.jpeg 150w, https:\/\/daemlaja.cl\/wp\/wp-content\/uploads\/2017\/04\/Atletismo-3-70x70.jpeg 70w\" sizes=\"auto, (max-width: 150px) 100vw, 150px\" \/><\/a>\n\t\t\t<\/div><\/figure><figure class='gallery-item'>\n\t\t\t<div class='gallery-icon landscape'>\n\t\t\t\t<a href='https:\/\/daemlaja.cl\/wp\/wp-content\/uploads\/2017\/04\/Atletismo-4.jpeg'><img loading=\"lazy\" decoding=\"async\" width=\"150\" height=\"150\" src=\"https:\/\/daemlaja.cl\/wp\/wp-content\/uploads\/2017\/04\/Atletismo-4-150x150.jpeg\" class=\"attachment-thumbnail size-thumbnail\" alt=\"\" srcset=\"https:\/\/daemlaja.cl\/wp\/wp-content\/uploads\/2017\/04\/Atletismo-4-150x150.jpeg 150w, https:\/\/daemlaja.cl\/wp\/wp-content\/uploads\/2017\/04\/Atletismo-4-70x70.jpeg 70w\" sizes=\"auto, (max-width: 150px) 100vw, 150px\" \/><\/a>\n\t\t\t<\/div><\/figure><figure class='gallery-item'>\n\t\t\t<div class='gallery-icon landscape'>\n\t\t\t\t<a href='https:\/\/daemlaja.cl\/wp\/wp-content\/uploads\/2017\/04\/Atletismo-5.jpeg'><img loading=\"lazy\" decoding=\"async\" width=\"150\" height=\"150\" src=\"https:\/\/daemlaja.cl\/wp\/wp-content\/uploads\/2017\/04\/Atletismo-5-150x150.jpeg\" class=\"attachment-thumbnail size-thumbnail\" alt=\"\" srcset=\"https:\/\/daemlaja.cl\/wp\/wp-content\/uploads\/2017\/04\/Atletismo-5-150x150.jpeg 150w, https:\/\/daemlaja.cl\/wp\/wp-content\/uploads\/2017\/04\/Atletismo-5-70x70.jpeg 70w\" sizes=\"auto, (max-width: 150px) 100vw, 150px\" \/><\/a>\n\t\t\t<\/div><\/figure><figure class='gallery-item'>\n\t\t\t<div class='gallery-icon landscape'>\n\t\t\t\t<a href='https:\/\/daemlaja.cl\/wp\/wp-content\/uploads\/2017\/04\/Atletismo-6.jpeg'><img loading=\"lazy\" decoding=\"async\" width=\"150\" height=\"150\" src=\"https:\/\/daemlaja.cl\/wp\/wp-content\/uploads\/2017\/04\/Atletismo-6-150x150.jpeg\" class=\"attachment-thumbnail size-thumbnail\" alt=\"\" srcset=\"https:\/\/daemlaja.cl\/wp\/wp-content\/uploads\/2017\/04\/Atletismo-6-150x150.jpeg 150w, https:\/\/daemlaja.cl\/wp\/wp-content\/uploads\/2017\/04\/Atletismo-6-70x70.jpeg 70w\" sizes=\"auto, (max-width: 150px) 100vw, 150px\" \/><\/a>\n\t\t\t<\/div><\/figure><figure class='gallery-item'>\n\t\t\t<div class='gallery-icon landscape'>\n\t\t\t\t<a href='https:\/\/daemlaja.cl\/wp\/wp-content\/uploads\/2017\/04\/Atletismo-8.jpeg'><img loading=\"lazy\" decoding=\"async\" width=\"150\" height=\"150\" src=\"https:\/\/daemlaja.cl\/wp\/wp-content\/uploads\/2017\/04\/Atletismo-8-150x150.jpeg\" class=\"attachment-thumbnail size-thumbnail\" alt=\"\" srcset=\"https:\/\/daemlaja.cl\/wp\/wp-content\/uploads\/2017\/04\/Atletismo-8-150x150.jpeg 150w, https:\/\/daemlaja.cl\/wp\/wp-content\/uploads\/2017\/04\/Atletismo-8-70x70.jpeg 70w\" sizes=\"auto, (max-width: 150px) 100vw, 150px\" \/><\/a>\n\t\t\t<\/div><\/figure><figure class='gallery-item'>\n\t\t\t<div class='gallery-icon landscape'>\n\t\t\t\t<a href='https:\/\/daemlaja.cl\/wp\/wp-content\/uploads\/2017\/04\/Atletismo-9-1.jpeg'><img loading=\"lazy\" decoding=\"async\" width=\"150\" height=\"150\" src=\"https:\/\/daemlaja.cl\/wp\/wp-content\/uploads\/2017\/04\/Atletismo-9-1-150x150.jpeg\" class=\"attachment-thumbnail size-thumbnail\" alt=\"\" srcset=\"https:\/\/daemlaja.cl\/wp\/wp-content\/uploads\/2017\/04\/Atletismo-9-1-150x150.jpeg 150w, https:\/\/daemlaja.cl\/wp\/wp-content\/uploads\/2017\/04\/Atletismo-9-1-70x70.jpeg 70w\" sizes=\"auto, (max-width: 150px) 100vw, 150px\" \/><\/a>\n\t\t\t<\/div><\/figure><figure class='gallery-item'>\n\t\t\t<div class='gallery-icon landscape'>\n\t\t\t\t<a href='https:\/\/daemlaja.cl\/wp\/wp-content\/uploads\/2017\/04\/Atletismo-10.jpeg'><img loading=\"lazy\" decoding=\"async\" width=\"150\" height=\"150\" src=\"https:\/\/daemlaja.cl\/wp\/wp-content\/uploads\/2017\/04\/Atletismo-10-150x150.jpeg\" class=\"attachment-thumbnail size-thumbnail\" alt=\"\" srcset=\"https:\/\/daemlaja.cl\/wp\/wp-content\/uploads\/2017\/04\/Atletismo-10-150x150.jpeg 150w, https:\/\/daemlaja.cl\/wp\/wp-content\/uploads\/2017\/04\/Atletismo-10-70x70.jpeg 70w\" sizes=\"auto, (max-width: 150px) 100vw, 150px\" \/><\/a>\n\t\t\t<\/div><\/figure><figure class='gallery-item'>\n\t\t\t<div class='gallery-icon landscape'>\n\t\t\t\t<a href='https:\/\/daemlaja.cl\/wp\/wp-content\/uploads\/2017\/04\/Atletismo-11.jpeg'><img loading=\"lazy\" decoding=\"async\" width=\"150\" height=\"150\" src=\"https:\/\/daemlaja.cl\/wp\/wp-content\/uploads\/2017\/04\/Atletismo-11-150x150.jpeg\" class=\"attachment-thumbnail size-thumbnail\" alt=\"\" srcset=\"https:\/\/daemlaja.cl\/wp\/wp-content\/uploads\/2017\/04\/Atletismo-11-150x150.jpeg 150w, https:\/\/daemlaja.cl\/wp\/wp-content\/uploads\/2017\/04\/Atletismo-11-70x70.jpeg 70w\" sizes=\"auto, (max-width: 150px) 100vw, 150px\" \/><\/a>\n\t\t\t<\/div><\/figure>\n\t\t<\/div>\n\n","protected":false},"excerpt":{"rendered":"<p>Nueva generaci\u00f3n de atletas escolares lajinos debutaron en torneo de jerarqu\u00eda.\u00a0<\/p>\n","protected":false},"author":6,"featured_media":11495,"comment_status":"closed","ping_status":"closed","sticky":false,"template":"","format":"standard","meta":{"_uag_custom_page_level_css":"","site-sidebar-layout":"default","site-content-layout":"","ast-site-content-layout":"","site-content-style":"default","site-sidebar-style":"default","ast-global-header-display":"","ast-banner-title-visibility":"","ast-main-header-display":"","ast-hfb-above-header-display":"","ast-hfb-below-header-display":"","ast-hfb-mobile-header-display":"","site-post-title":"","ast-breadcrumbs-content":"","ast-featured-img":"","footer-sml-layout":"","theme-transparent-header-meta":"","adv-header-id-meta":"","stick-header-meta":"","header-above-stick-meta":"","header-main-stick-meta":"","header-below-stick-meta":"","astra-migrate-meta-layouts":"default","ast-page-background-enabled":"default","ast-page-background-meta":{"desktop":{"background-color":"var(--ast-global-color-4)","background-image":"","background-repeat":"repeat","background-position":"center center","background-size":"auto","background-attachment":"scroll","background-type":"","background-media":"","overlay-type":"","overlay-color":"","overlay-opacity":"","overlay-gradient":""},"tablet":{"background-color":"","background-image":"","background-repeat":"repeat","background-position":"center center","background-size":"auto","background-attachment":"scroll","background-type":"","background-media":"","overlay-type":"","overlay-color":"","overlay-opacity":"","overlay-gradient":""},"mobile":{"background-color":"","background-image":"","background-repeat":"repeat","background-position":"center center","background-size":"auto","background-attachment":"scroll","background-type":"","background-media":"","overlay-type":"","overlay-color":"","overlay-opacity":"","overlay-gradient":""}},"ast-content-background-meta":{"desktop":{"background-color":"var(--ast-global-color-5)","background-image":"","background-repeat":"repeat","background-position":"center center","background-size":"auto","background-attachment":"scroll","background-type":"","background-media":"","overlay-type":"","overlay-color":"","overlay-opacity":"","overlay-gradient":""},"tablet":{"background-color":"var(--ast-global-color-5)","background-image":"","background-repeat":"repeat","background-position":"center center","background-size":"auto","background-attachment":"scroll","background-type":"","background-media":"","overlay-type":"","overlay-color":"","overlay-opacity":"","overlay-gradient":""},"mobile":{"background-color":"var(--ast-global-color-5)","background-image":"","background-repeat":"repeat","background-position":"center center","background-size":"auto","background-attachment":"scroll","background-type":"","background-media":"","overlay-type":"","overlay-color":"","overlay-opacity":"","overlay-gradient":""}},"ngg_post_thumbnail":0,"footnotes":""},"categories":[37,28,38],"tags":[],"class_list":["post-11494","post","type-post","status-publish","format-standard","has-post-thumbnail","hentry","category-deportes","category-escuelas-de-laja-2014","category-slide"],"uagb_featured_image_src":{"full":["https:\/\/daemlaja.cl\/wp\/wp-content\/uploads\/2017\/04\/Atletismo-9.jpeg",1040,584,false],"thumbnail":["https:\/\/daemlaja.cl\/wp\/wp-content\/uploads\/2017\/04\/Atletismo-9-150x150.jpeg",150,150,true],"medium":["https:\/\/daemlaja.cl\/wp\/wp-content\/uploads\/2017\/04\/Atletismo-9-300x168.jpeg",300,168,true],"medium_large":["https:\/\/daemlaja.cl\/wp\/wp-content\/uploads\/2017\/04\/Atletismo-9-768x431.jpeg",768,431,true],"large":["https:\/\/daemlaja.cl\/wp\/wp-content\/uploads\/2017\/04\/Atletismo-9-1024x575.jpeg",1024,575,true],"1536x1536":["https:\/\/daemlaja.cl\/wp\/wp-content\/uploads\/2017\/04\/Atletismo-9.jpeg",1040,584,false],"2048x2048":["https:\/\/daemlaja.cl\/wp\/wp-content\/uploads\/2017\/04\/Atletismo-9.jpeg",1040,584,false]},"uagb_author_info":{"display_name":"Cristian Matamala","author_link":false},"uagb_comment_info":0,"uagb_excerpt":"Nueva generaci\u00f3n de atletas escolares lajinos debutaron en torneo de jerarqu\u00eda.\u00a0","_links":{"self":[{"href":"https:\/\/daemlaja.cl\/wp\/wp-json\/wp\/v2\/posts\/11494","targetHints":{"allow":["GET"]}}],"collection":[{"href":"https:\/\/daemlaja.cl\/wp\/wp-json\/wp\/v2\/posts"}],"about":[{"href":"https:\/\/daemlaja.cl\/wp\/wp-json\/wp\/v2\/types\/post"}],"author":[{"embeddable":true,"href":"https:\/\/daemlaja.cl\/wp\/wp-json\/wp\/v2\/users\/6"}],"replies":[{"embeddable":true,"href":"https:\/\/daemlaja.cl\/wp\/wp-json\/wp\/v2\/comments?post=11494"}],"version-history":[{"count":3,"href":"https:\/\/daemlaja.cl\/wp\/wp-json\/wp\/v2\/posts\/11494\/revisions"}],"predecessor-version":[{"id":11508,"href":"https:\/\/daemlaja.cl\/wp\/wp-json\/wp\/v2\/posts\/11494\/revisions\/11508"}],"wp:featuredmedia":[{"embeddable":true,"href":"https:\/\/daemlaja.cl\/wp\/wp-json\/wp\/v2\/media\/11495"}],"wp:attachment":[{"href":"https:\/\/daemlaja.cl\/wp\/wp-json\/wp\/v2\/media?parent=11494"}],"wp:term":[{"taxonomy":"category","embeddable":true,"href":"https:\/\/daemlaja.cl\/wp\/wp-json\/wp\/v2\/categories?post=11494"},{"taxonomy":"post_tag","embeddable":true,"href":"https:\/\/daemlaja.cl\/wp\/wp-json\/wp\/v2\/tags?post=11494"}],"curies":[{"name":"wp","href":"https:\/\/api.w.org\/{rel}","templated":true}]}}