{"id":11696,"date":"2017-05-02T23:28:10","date_gmt":"2017-05-02T23:28:10","guid":{"rendered":"http:\/\/daemlaja.cl\/wp\/?p=11696"},"modified":"2017-05-03T18:32:01","modified_gmt":"2017-05-03T18:32:01","slug":"felipe-rivera-regreso-de-sudamericano-de-canotaje-con-dos-medallas","status":"publish","type":"post","link":"https:\/\/daemlaja.cl\/wp\/felipe-rivera-regreso-de-sudamericano-de-canotaje-con-dos-medallas\/","title":{"rendered":"Felipe Rivera regres\u00f3 de Sudamericano de canotaje con dos medallas"},"content":{"rendered":"<p><em>El joven canoista sigue consagr\u00e1ndose a nivel nacional e internacional, en expedici\u00f3n por Colombia sum\u00f3 dos medallas. <\/em><!--more--><\/p>\n<p>No hab\u00edan pasado muchas horas desde que se baj\u00f3 del avi\u00f3n que lo trajo del Sudamericano de canotaje en Colombia con sus dos medallas, plata y bronce y Felipe Rivera ya estaba entrenado en la laguna La Se\u00f1oraza, de cara a nuevos compromisos.<\/p>\n<p>Regres\u00f3 contento por lo efectuado en K-4, en los 1.000 metros, el oro se le escap\u00f3 por muy poco, resultando en 2\u00ba lugar, en los 500 metros un infortunio en los \u00faltimos metros hizo que quedaran descalificados y en la \u00faltima prueba los 200 metros, f\u00e9rrea competencia con otros dos rivales, para llegar en 3\u00ba lugar, obteniendo medalla de bronce.<\/p>\n<p>Comenta que la temida altura de la ciudad de Paipa, sobre los 2500 metros no le caus\u00f3 problemas a \u00e9l ni al resto de la selecci\u00f3n chilena; importante en esto fue la aclimataci\u00f3n lograda por haber llegado 24 d\u00edas antes de la competencia.<\/p>\n<p>Agradece todo el apoyo que le entrega ac\u00e1 en Laja el profesor de la Escuela de Deportes Municipal Alejandro Sep\u00falveda, con quien entrena diariamente, ya que los t\u00e9cnicos de la selecci\u00f3n chilena trabajan casi siempre con los seleccionados en Curauma, regi\u00f3n de Valpara\u00edso y Felipe por priorizar sus estudios (est\u00e1 cursando 4\u00ba medio), trabaja en solitario ac\u00e1. De todas maneras hace hincapi\u00e9 el joven canoista que falta apoyo para deportistas como \u00e9l por parte de la Federaci\u00f3n.<\/p>\n<p>Ahora dice se le vienen varios selectivos, el 16 de junio en Curauma, para definir el cupo al mundial de Rumania, a fin de a\u00f1o el selectivo para el Panamericano en USA y para los Juegos Odesur del a\u00f1o 2018.<\/p>\n<p>Finalmente Felipe Rivera en un mensaje para quienes est\u00e1n en el canotaje dice:<\/p>\n<blockquote><p>\u201cque venga, entrenen, sean dedicados, que se apoyen en sus familias, solo deben pensar en entrenar duro, los campeones se hacen no llegan de improvisto\u201d.<\/p><\/blockquote>\n<p>Hoy Felipe Rivera Contreras, es la principal carta que Laja aporta al canotaje nacional, es el recambio l\u00f3gico que hay en todos los procesos. Seg\u00fan los t\u00e9cnicos tiene un gran potencial que le ha de permitir tener \u00a0mayores figuraciones a nivel internacional.<\/p>\n<p>El alcalde Vladimir Fica Toledo, lo invit\u00f3 a la sesi\u00f3n del concejo municipal del mi\u00e9rcoles 3, donde las autoridades comunales le har\u00e1n un reconocimiento por sus logros deportivos.<\/p>\n<div id='gallery-1' class='gallery galleryid-11696 gallery-columns-3 gallery-size-thumbnail'><figure class='gallery-item'>\n\t\t\t<div class='gallery-icon landscape'>\n\t\t\t\t<a href='https:\/\/daemlaja.cl\/wp\/wp-content\/uploads\/2017\/05\/Rivera-2.jpg'><img loading=\"lazy\" decoding=\"async\" width=\"150\" height=\"150\" src=\"https:\/\/daemlaja.cl\/wp\/wp-content\/uploads\/2017\/05\/Rivera-2-150x150.jpg\" class=\"attachment-thumbnail size-thumbnail\" alt=\"\" srcset=\"https:\/\/daemlaja.cl\/wp\/wp-content\/uploads\/2017\/05\/Rivera-2-150x150.jpg 150w, https:\/\/daemlaja.cl\/wp\/wp-content\/uploads\/2017\/05\/Rivera-2-70x70.jpg 70w\" sizes=\"auto, (max-width: 150px) 100vw, 150px\" \/><\/a>\n\t\t\t<\/div><\/figure><figure class='gallery-item'>\n\t\t\t<div class='gallery-icon landscape'>\n\t\t\t\t<a href='https:\/\/daemlaja.cl\/wp\/wp-content\/uploads\/2017\/05\/Rivera-3.jpg'><img loading=\"lazy\" decoding=\"async\" width=\"150\" height=\"150\" src=\"https:\/\/daemlaja.cl\/wp\/wp-content\/uploads\/2017\/05\/Rivera-3-150x150.jpg\" class=\"attachment-thumbnail size-thumbnail\" alt=\"\" srcset=\"https:\/\/daemlaja.cl\/wp\/wp-content\/uploads\/2017\/05\/Rivera-3-150x150.jpg 150w, https:\/\/daemlaja.cl\/wp\/wp-content\/uploads\/2017\/05\/Rivera-3-70x70.jpg 70w\" sizes=\"auto, (max-width: 150px) 100vw, 150px\" \/><\/a>\n\t\t\t<\/div><\/figure>\n\t\t<\/div>\n\n<p>&nbsp;<\/p>\n<p>&nbsp;<\/p>\n","protected":false},"excerpt":{"rendered":"<p>El joven canoista sigue consagr\u00e1ndose a nivel nacional e internacional, en expedici\u00f3n por Colombia sum\u00f3 dos medallas.<\/p>\n","protected":false},"author":6,"featured_media":11697,"comment_status":"closed","ping_status":"closed","sticky":false,"template":"","format":"standard","meta":{"_uag_custom_page_level_css":"","site-sidebar-layout":"default","site-content-layout":"","ast-site-content-layout":"","site-content-style":"default","site-sidebar-style":"default","ast-global-header-display":"","ast-banner-title-visibility":"","ast-main-header-display":"","ast-hfb-above-header-display":"","ast-hfb-below-header-display":"","ast-hfb-mobile-header-display":"","site-post-title":"","ast-breadcrumbs-content":"","ast-featured-img":"","footer-sml-layout":"","theme-transparent-header-meta":"","adv-header-id-meta":"","stick-header-meta":"","header-above-stick-meta":"","header-main-stick-meta":"","header-below-stick-meta":"","astra-migrate-meta-layouts":"default","ast-page-background-enabled":"default","ast-page-background-meta":{"desktop":{"background-color":"var(--ast-global-color-4)","background-image":"","background-repeat":"repeat","background-position":"center center","background-size":"auto","background-attachment":"scroll","background-type":"","background-media":"","overlay-type":"","overlay-color":"","overlay-opacity":"","overlay-gradient":""},"tablet":{"background-color":"","background-image":"","background-repeat":"repeat","background-position":"center center","background-size":"auto","background-attachment":"scroll","background-type":"","background-media":"","overlay-type":"","overlay-color":"","overlay-opacity":"","overlay-gradient":""},"mobile":{"background-color":"","background-image":"","background-repeat":"repeat","background-position":"center center","background-size":"auto","background-attachment":"scroll","background-type":"","background-media":"","overlay-type":"","overlay-color":"","overlay-opacity":"","overlay-gradient":""}},"ast-content-background-meta":{"desktop":{"background-color":"var(--ast-global-color-5)","background-image":"","background-repeat":"repeat","background-position":"center center","background-size":"auto","background-attachment":"scroll","background-type":"","background-media":"","overlay-type":"","overlay-color":"","overlay-opacity":"","overlay-gradient":""},"tablet":{"background-color":"var(--ast-global-color-5)","background-image":"","background-repeat":"repeat","background-position":"center center","background-size":"auto","background-attachment":"scroll","background-type":"","background-media":"","overlay-type":"","overlay-color":"","overlay-opacity":"","overlay-gradient":""},"mobile":{"background-color":"var(--ast-global-color-5)","background-image":"","background-repeat":"repeat","background-position":"center center","background-size":"auto","background-attachment":"scroll","background-type":"","background-media":"","overlay-type":"","overlay-color":"","overlay-opacity":"","overlay-gradient":""}},"ngg_post_thumbnail":0,"footnotes":""},"categories":[37,38],"tags":[],"class_list":["post-11696","post","type-post","status-publish","format-standard","has-post-thumbnail","hentry","category-deportes","category-slide"],"uagb_featured_image_src":{"full":["https:\/\/daemlaja.cl\/wp\/wp-content\/uploads\/2017\/05\/Rivera-4.jpg",800,533,false],"thumbnail":["https:\/\/daemlaja.cl\/wp\/wp-content\/uploads\/2017\/05\/Rivera-4-150x150.jpg",150,150,true],"medium":["https:\/\/daemlaja.cl\/wp\/wp-content\/uploads\/2017\/05\/Rivera-4-300x200.jpg",300,200,true],"medium_large":["https:\/\/daemlaja.cl\/wp\/wp-content\/uploads\/2017\/05\/Rivera-4-768x512.jpg",768,512,true],"large":["https:\/\/daemlaja.cl\/wp\/wp-content\/uploads\/2017\/05\/Rivera-4.jpg",800,533,false],"1536x1536":["https:\/\/daemlaja.cl\/wp\/wp-content\/uploads\/2017\/05\/Rivera-4.jpg",800,533,false],"2048x2048":["https:\/\/daemlaja.cl\/wp\/wp-content\/uploads\/2017\/05\/Rivera-4.jpg",800,533,false]},"uagb_author_info":{"display_name":"Cristian Matamala","author_link":false},"uagb_comment_info":0,"uagb_excerpt":"El joven canoista sigue consagr\u00e1ndose a nivel nacional e internacional, en expedici\u00f3n por Colombia sum\u00f3 dos medallas.","_links":{"self":[{"href":"https:\/\/daemlaja.cl\/wp\/wp-json\/wp\/v2\/posts\/11696","targetHints":{"allow":["GET"]}}],"collection":[{"href":"https:\/\/daemlaja.cl\/wp\/wp-json\/wp\/v2\/posts"}],"about":[{"href":"https:\/\/daemlaja.cl\/wp\/wp-json\/wp\/v2\/types\/post"}],"author":[{"embeddable":true,"href":"https:\/\/daemlaja.cl\/wp\/wp-json\/wp\/v2\/users\/6"}],"replies":[{"embeddable":true,"href":"https:\/\/daemlaja.cl\/wp\/wp-json\/wp\/v2\/comments?post=11696"}],"version-history":[{"count":2,"href":"https:\/\/daemlaja.cl\/wp\/wp-json\/wp\/v2\/posts\/11696\/revisions"}],"predecessor-version":[{"id":11701,"href":"https:\/\/daemlaja.cl\/wp\/wp-json\/wp\/v2\/posts\/11696\/revisions\/11701"}],"wp:featuredmedia":[{"embeddable":true,"href":"https:\/\/daemlaja.cl\/wp\/wp-json\/wp\/v2\/media\/11697"}],"wp:attachment":[{"href":"https:\/\/daemlaja.cl\/wp\/wp-json\/wp\/v2\/media?parent=11696"}],"wp:term":[{"taxonomy":"category","embeddable":true,"href":"https:\/\/daemlaja.cl\/wp\/wp-json\/wp\/v2\/categories?post=11696"},{"taxonomy":"post_tag","embeddable":true,"href":"https:\/\/daemlaja.cl\/wp\/wp-json\/wp\/v2\/tags?post=11696"}],"curies":[{"name":"wp","href":"https:\/\/api.w.org\/{rel}","templated":true}]}}