{"id":13011,"date":"2017-06-16T17:59:06","date_gmt":"2017-06-16T17:59:06","guid":{"rendered":"http:\/\/daemlaja.cl\/wp\/?p=13011"},"modified":"2017-06-18T00:35:06","modified_gmt":"2017-06-18T00:35:06","slug":"nicole-buholzer-resulto-ganadora-del-festival-heroes-de-la-voz","status":"publish","type":"post","link":"https:\/\/daemlaja.cl\/wp\/nicole-buholzer-resulto-ganadora-del-festival-heroes-de-la-voz\/","title":{"rendered":"Nicole Buholzer, result\u00f3 ganadora del Festival H\u00e9roes de la Voz"},"content":{"rendered":"<p><em>Doce estudiantes compitieron en este primer certamen, que organiz\u00f3 el liceo lajino.<\/em><br \/>\n<!--more--><\/p>\n<p>Estudiantes de nuestra comuna fueron los cantantes que dieron vida al Festival H\u00e9roes de la Voz, primera instancia de este tipo despu\u00e9s de muchos a\u00f1os, al interior del liceo H\u00e9roes de la Concepci\u00f3n.<\/p>\n<p>Este festival nace por inter\u00e9s de los estudiantes y de la direcci\u00f3n del establecimiento , como una manera de instaurar un espacio de sana convivencia y competencia al interior del liceo, donde los j\u00f3venes puedan desarrollar sus inquietudes art\u00edsticas, promover los talentos musicales que existen entre el alumnado. La realizaci\u00f3n fue posible gracias a fondos obtenidos durante el a\u00f1o 2016 del programa \u201cMov\u00e1monos por la Educaci\u00f3n\u201d, dependiente del Mineduc.<\/p>\n<p>De esta forma el auditorio del liceo, se vio colmado de estudiantes y familiares de los participantes, la noche del pasado jueves 15, mientras que en el escenario del recinto se suced\u00edan los interpretes, quienes preven\u00edan, previa clasificaci\u00f3n de las \u00e1reas CH. y TP., m\u00e1s una estudiante invitada del Liceo Hnas. Maestras de la Santa Cruz.<\/p>\n<p>La animaci\u00f3n corri\u00f3 por cuanta de los alumnos Gabriela Quilodr\u00e1n y Mat\u00edas Rosas, junto a Fernanda Llanos y Nicol\u00e1s Villalobos. En el show, se presentaron artistas como Roxana Pardo y su banda; Carla P\u00e9rez, un talento penquista; y la banda de ex alumnos del liceo Rec Stone.<\/p>\n<p>Finalmente la alumna Nicole Buholzer, obtuvo el primer lugar y un premio de una gift card por ciento cincuenta mil pesos; segundo lugar fue para B\u00e1rbara N\u00fa\u00f1ez, con un premio de cien mil pesos; tercer lugar, fue para Rachel Leiva, con un premio de cincuenta mil pesos; mientas que la interprete m\u00e1s popular fue Vannesa Carrasco, quien obtuvo de igual manera un gift card por treinta mil pesos.<\/p>\n<p>Respecto a la actividad, una verdadera fiesta de talentos, alegr\u00eda y compa\u00f1erismo, el alcalde Vladmir Fica, opin\u00f3 que le pareci\u00f3 que partieron bien los chicos con este festival, los felicit\u00f3 al igual que a la direcci\u00f3n del colegio por entregar los espacios que los j\u00f3venes necesitan y requieren,<\/p>\n<blockquote><p>\u201cme voy contento, espero el pr\u00f3ximo a\u00f1o poder asignar m\u00e1s recursos para hacer algo m\u00e1s potente, m\u00e1s producido, los j\u00f3venes se lo merecen\u201d. indic\u00f3 el jefe comunal.<\/p><\/blockquote>\n<p>Finalmente, felicit\u00f3 a todos los participantes, a la direcci\u00f3n y equipo del liceo, es lo que \u00e9l desea, que la educaci\u00f3n no solo sea en el aula de clases, sino integral.<\/p>\n<p>Por su parte la directora del Daem Mirta Morin se\u00f1al\u00f3 que estas son bonitas instancias para que los alumnos muestren sus talentos, indicando \u00a0que esto es el punto inicial para que los estudiantes demuestren todo lo que saben hacer, en lo musical, arte y la cultura, una forma de descubrir los talentos de los j\u00f3venes.<\/p>\n<p>Nicole Buholzer, la ganadora de este primer certamen musical coment\u00f3 que para ella fue una experiencia bonita, emotiva, aunque reconoci\u00f3 que no se tenia fe, era su primera participaci\u00f3n en un festival, y la competencia era dif\u00edcil. Destac\u00f3 que fue un festival s\u00faper bien preparado.<\/p>\n<div id='gallery-1' class='gallery galleryid-13011 gallery-columns-3 gallery-size-thumbnail'><figure class='gallery-item'>\n\t\t\t<div class='gallery-icon landscape'>\n\t\t\t\t<a href='https:\/\/daemlaja.cl\/wp\/wp-content\/uploads\/2017\/06\/Festival-de-la-Voz10-1.jpg'><img loading=\"lazy\" decoding=\"async\" width=\"150\" height=\"150\" src=\"https:\/\/daemlaja.cl\/wp\/wp-content\/uploads\/2017\/06\/Festival-de-la-Voz10-1-150x150.jpg\" class=\"attachment-thumbnail size-thumbnail\" alt=\"\" srcset=\"https:\/\/daemlaja.cl\/wp\/wp-content\/uploads\/2017\/06\/Festival-de-la-Voz10-1-150x150.jpg 150w, https:\/\/daemlaja.cl\/wp\/wp-content\/uploads\/2017\/06\/Festival-de-la-Voz10-1-70x70.jpg 70w\" sizes=\"auto, (max-width: 150px) 100vw, 150px\" \/><\/a>\n\t\t\t<\/div><\/figure><figure class='gallery-item'>\n\t\t\t<div class='gallery-icon landscape'>\n\t\t\t\t<a href='https:\/\/daemlaja.cl\/wp\/wp-content\/uploads\/2017\/06\/Festival-de-la-Voz11-1.jpg'><img loading=\"lazy\" decoding=\"async\" width=\"150\" height=\"150\" src=\"https:\/\/daemlaja.cl\/wp\/wp-content\/uploads\/2017\/06\/Festival-de-la-Voz11-1-150x150.jpg\" class=\"attachment-thumbnail size-thumbnail\" alt=\"\" srcset=\"https:\/\/daemlaja.cl\/wp\/wp-content\/uploads\/2017\/06\/Festival-de-la-Voz11-1-150x150.jpg 150w, https:\/\/daemlaja.cl\/wp\/wp-content\/uploads\/2017\/06\/Festival-de-la-Voz11-1-70x70.jpg 70w\" sizes=\"auto, (max-width: 150px) 100vw, 150px\" \/><\/a>\n\t\t\t<\/div><\/figure><figure class='gallery-item'>\n\t\t\t<div class='gallery-icon landscape'>\n\t\t\t\t<a href='https:\/\/daemlaja.cl\/wp\/wp-content\/uploads\/2017\/06\/Festival-de-la-Voz12-1.jpg'><img loading=\"lazy\" decoding=\"async\" width=\"150\" height=\"150\" src=\"https:\/\/daemlaja.cl\/wp\/wp-content\/uploads\/2017\/06\/Festival-de-la-Voz12-1-150x150.jpg\" class=\"attachment-thumbnail size-thumbnail\" alt=\"\" srcset=\"https:\/\/daemlaja.cl\/wp\/wp-content\/uploads\/2017\/06\/Festival-de-la-Voz12-1-150x150.jpg 150w, https:\/\/daemlaja.cl\/wp\/wp-content\/uploads\/2017\/06\/Festival-de-la-Voz12-1-70x70.jpg 70w\" sizes=\"auto, (max-width: 150px) 100vw, 150px\" \/><\/a>\n\t\t\t<\/div><\/figure><figure class='gallery-item'>\n\t\t\t<div class='gallery-icon landscape'>\n\t\t\t\t<a href='https:\/\/daemlaja.cl\/wp\/wp-content\/uploads\/2017\/06\/Festival-de-la-Voz13-1.jpg'><img loading=\"lazy\" decoding=\"async\" width=\"150\" height=\"150\" src=\"https:\/\/daemlaja.cl\/wp\/wp-content\/uploads\/2017\/06\/Festival-de-la-Voz13-1-150x150.jpg\" class=\"attachment-thumbnail size-thumbnail\" alt=\"\" srcset=\"https:\/\/daemlaja.cl\/wp\/wp-content\/uploads\/2017\/06\/Festival-de-la-Voz13-1-150x150.jpg 150w, https:\/\/daemlaja.cl\/wp\/wp-content\/uploads\/2017\/06\/Festival-de-la-Voz13-1-70x70.jpg 70w\" sizes=\"auto, (max-width: 150px) 100vw, 150px\" \/><\/a>\n\t\t\t<\/div><\/figure><figure class='gallery-item'>\n\t\t\t<div class='gallery-icon landscape'>\n\t\t\t\t<a href='https:\/\/daemlaja.cl\/wp\/wp-content\/uploads\/2017\/06\/Festival-de-la-Voz14-1.jpg'><img loading=\"lazy\" decoding=\"async\" width=\"150\" height=\"150\" src=\"https:\/\/daemlaja.cl\/wp\/wp-content\/uploads\/2017\/06\/Festival-de-la-Voz14-1-150x150.jpg\" class=\"attachment-thumbnail size-thumbnail\" alt=\"\" srcset=\"https:\/\/daemlaja.cl\/wp\/wp-content\/uploads\/2017\/06\/Festival-de-la-Voz14-1-150x150.jpg 150w, https:\/\/daemlaja.cl\/wp\/wp-content\/uploads\/2017\/06\/Festival-de-la-Voz14-1-70x70.jpg 70w\" sizes=\"auto, (max-width: 150px) 100vw, 150px\" \/><\/a>\n\t\t\t<\/div><\/figure><figure class='gallery-item'>\n\t\t\t<div class='gallery-icon portrait'>\n\t\t\t\t<a href='https:\/\/daemlaja.cl\/wp\/wp-content\/uploads\/2017\/06\/Festival-de-la-Voz15-1.jpg'><img loading=\"lazy\" decoding=\"async\" width=\"150\" height=\"150\" src=\"https:\/\/daemlaja.cl\/wp\/wp-content\/uploads\/2017\/06\/Festival-de-la-Voz15-1-150x150.jpg\" class=\"attachment-thumbnail size-thumbnail\" alt=\"\" srcset=\"https:\/\/daemlaja.cl\/wp\/wp-content\/uploads\/2017\/06\/Festival-de-la-Voz15-1-150x150.jpg 150w, https:\/\/daemlaja.cl\/wp\/wp-content\/uploads\/2017\/06\/Festival-de-la-Voz15-1-70x70.jpg 70w\" sizes=\"auto, (max-width: 150px) 100vw, 150px\" \/><\/a>\n\t\t\t<\/div><\/figure><figure class='gallery-item'>\n\t\t\t<div class='gallery-icon portrait'>\n\t\t\t\t<a href='https:\/\/daemlaja.cl\/wp\/wp-content\/uploads\/2017\/06\/Festival-de-la-Voz16-1.jpg'><img loading=\"lazy\" decoding=\"async\" width=\"150\" height=\"150\" src=\"https:\/\/daemlaja.cl\/wp\/wp-content\/uploads\/2017\/06\/Festival-de-la-Voz16-1-150x150.jpg\" class=\"attachment-thumbnail size-thumbnail\" alt=\"\" srcset=\"https:\/\/daemlaja.cl\/wp\/wp-content\/uploads\/2017\/06\/Festival-de-la-Voz16-1-150x150.jpg 150w, https:\/\/daemlaja.cl\/wp\/wp-content\/uploads\/2017\/06\/Festival-de-la-Voz16-1-70x70.jpg 70w\" sizes=\"auto, (max-width: 150px) 100vw, 150px\" \/><\/a>\n\t\t\t<\/div><\/figure><figure class='gallery-item'>\n\t\t\t<div class='gallery-icon landscape'>\n\t\t\t\t<a href='https:\/\/daemlaja.cl\/wp\/wp-content\/uploads\/2017\/06\/Festival-de-la-Voz17-1.jpg'><img loading=\"lazy\" decoding=\"async\" width=\"150\" height=\"150\" src=\"https:\/\/daemlaja.cl\/wp\/wp-content\/uploads\/2017\/06\/Festival-de-la-Voz17-1-150x150.jpg\" class=\"attachment-thumbnail size-thumbnail\" alt=\"\" srcset=\"https:\/\/daemlaja.cl\/wp\/wp-content\/uploads\/2017\/06\/Festival-de-la-Voz17-1-150x150.jpg 150w, https:\/\/daemlaja.cl\/wp\/wp-content\/uploads\/2017\/06\/Festival-de-la-Voz17-1-70x70.jpg 70w\" sizes=\"auto, (max-width: 150px) 100vw, 150px\" \/><\/a>\n\t\t\t<\/div><\/figure><figure class='gallery-item'>\n\t\t\t<div class='gallery-icon landscape'>\n\t\t\t\t<a href='https:\/\/daemlaja.cl\/wp\/wp-content\/uploads\/2017\/06\/Festival-de-la-Voz18-1.jpg'><img loading=\"lazy\" decoding=\"async\" width=\"150\" height=\"150\" src=\"https:\/\/daemlaja.cl\/wp\/wp-content\/uploads\/2017\/06\/Festival-de-la-Voz18-1-150x150.jpg\" class=\"attachment-thumbnail size-thumbnail\" alt=\"\" srcset=\"https:\/\/daemlaja.cl\/wp\/wp-content\/uploads\/2017\/06\/Festival-de-la-Voz18-1-150x150.jpg 150w, https:\/\/daemlaja.cl\/wp\/wp-content\/uploads\/2017\/06\/Festival-de-la-Voz18-1-70x70.jpg 70w\" sizes=\"auto, (max-width: 150px) 100vw, 150px\" \/><\/a>\n\t\t\t<\/div><\/figure><figure class='gallery-item'>\n\t\t\t<div class='gallery-icon landscape'>\n\t\t\t\t<a href='https:\/\/daemlaja.cl\/wp\/wp-content\/uploads\/2017\/06\/Festival-de-la-Voz19-1.jpg'><img loading=\"lazy\" decoding=\"async\" width=\"150\" height=\"150\" src=\"https:\/\/daemlaja.cl\/wp\/wp-content\/uploads\/2017\/06\/Festival-de-la-Voz19-1-150x150.jpg\" class=\"attachment-thumbnail size-thumbnail\" alt=\"\" srcset=\"https:\/\/daemlaja.cl\/wp\/wp-content\/uploads\/2017\/06\/Festival-de-la-Voz19-1-150x150.jpg 150w, https:\/\/daemlaja.cl\/wp\/wp-content\/uploads\/2017\/06\/Festival-de-la-Voz19-1-70x70.jpg 70w\" sizes=\"auto, (max-width: 150px) 100vw, 150px\" \/><\/a>\n\t\t\t<\/div><\/figure><figure class='gallery-item'>\n\t\t\t<div class='gallery-icon landscape'>\n\t\t\t\t<a href='https:\/\/daemlaja.cl\/wp\/wp-content\/uploads\/2017\/06\/Festival-de-la-Voz20-1.jpg'><img loading=\"lazy\" decoding=\"async\" width=\"150\" height=\"150\" src=\"https:\/\/daemlaja.cl\/wp\/wp-content\/uploads\/2017\/06\/Festival-de-la-Voz20-1-150x150.jpg\" class=\"attachment-thumbnail size-thumbnail\" alt=\"\" srcset=\"https:\/\/daemlaja.cl\/wp\/wp-content\/uploads\/2017\/06\/Festival-de-la-Voz20-1-150x150.jpg 150w, https:\/\/daemlaja.cl\/wp\/wp-content\/uploads\/2017\/06\/Festival-de-la-Voz20-1-70x70.jpg 70w\" sizes=\"auto, (max-width: 150px) 100vw, 150px\" \/><\/a>\n\t\t\t<\/div><\/figure><figure class='gallery-item'>\n\t\t\t<div class='gallery-icon landscape'>\n\t\t\t\t<a href='https:\/\/daemlaja.cl\/wp\/wp-content\/uploads\/2017\/06\/Festival-de-la-Voz21-1.jpg'><img loading=\"lazy\" decoding=\"async\" width=\"150\" height=\"150\" src=\"https:\/\/daemlaja.cl\/wp\/wp-content\/uploads\/2017\/06\/Festival-de-la-Voz21-1-150x150.jpg\" class=\"attachment-thumbnail size-thumbnail\" alt=\"\" srcset=\"https:\/\/daemlaja.cl\/wp\/wp-content\/uploads\/2017\/06\/Festival-de-la-Voz21-1-150x150.jpg 150w, https:\/\/daemlaja.cl\/wp\/wp-content\/uploads\/2017\/06\/Festival-de-la-Voz21-1-70x70.jpg 70w\" sizes=\"auto, (max-width: 150px) 100vw, 150px\" \/><\/a>\n\t\t\t<\/div><\/figure><figure class='gallery-item'>\n\t\t\t<div class='gallery-icon landscape'>\n\t\t\t\t<a href='https:\/\/daemlaja.cl\/wp\/wp-content\/uploads\/2017\/06\/Festival-de-la-Voz22-1.jpg'><img loading=\"lazy\" decoding=\"async\" width=\"150\" height=\"150\" src=\"https:\/\/daemlaja.cl\/wp\/wp-content\/uploads\/2017\/06\/Festival-de-la-Voz22-1-150x150.jpg\" class=\"attachment-thumbnail size-thumbnail\" alt=\"\" srcset=\"https:\/\/daemlaja.cl\/wp\/wp-content\/uploads\/2017\/06\/Festival-de-la-Voz22-1-150x150.jpg 150w, https:\/\/daemlaja.cl\/wp\/wp-content\/uploads\/2017\/06\/Festival-de-la-Voz22-1-70x70.jpg 70w\" sizes=\"auto, (max-width: 150px) 100vw, 150px\" \/><\/a>\n\t\t\t<\/div><\/figure><figure class='gallery-item'>\n\t\t\t<div class='gallery-icon landscape'>\n\t\t\t\t<a href='https:\/\/daemlaja.cl\/wp\/wp-content\/uploads\/2017\/06\/Festival-de-la-Voz23-1.jpg'><img loading=\"lazy\" decoding=\"async\" width=\"150\" height=\"150\" src=\"https:\/\/daemlaja.cl\/wp\/wp-content\/uploads\/2017\/06\/Festival-de-la-Voz23-1-150x150.jpg\" class=\"attachment-thumbnail size-thumbnail\" alt=\"\" srcset=\"https:\/\/daemlaja.cl\/wp\/wp-content\/uploads\/2017\/06\/Festival-de-la-Voz23-1-150x150.jpg 150w, https:\/\/daemlaja.cl\/wp\/wp-content\/uploads\/2017\/06\/Festival-de-la-Voz23-1-70x70.jpg 70w\" sizes=\"auto, (max-width: 150px) 100vw, 150px\" \/><\/a>\n\t\t\t<\/div><\/figure><figure class='gallery-item'>\n\t\t\t<div class='gallery-icon landscape'>\n\t\t\t\t<a href='https:\/\/daemlaja.cl\/wp\/wp-content\/uploads\/2017\/06\/Festival-de-la-Voz24-1.jpg'><img loading=\"lazy\" decoding=\"async\" width=\"150\" height=\"150\" src=\"https:\/\/daemlaja.cl\/wp\/wp-content\/uploads\/2017\/06\/Festival-de-la-Voz24-1-150x150.jpg\" class=\"attachment-thumbnail size-thumbnail\" alt=\"\" srcset=\"https:\/\/daemlaja.cl\/wp\/wp-content\/uploads\/2017\/06\/Festival-de-la-Voz24-1-150x150.jpg 150w, https:\/\/daemlaja.cl\/wp\/wp-content\/uploads\/2017\/06\/Festival-de-la-Voz24-1-70x70.jpg 70w\" sizes=\"auto, (max-width: 150px) 100vw, 150px\" \/><\/a>\n\t\t\t<\/div><\/figure><figure class='gallery-item'>\n\t\t\t<div class='gallery-icon landscape'>\n\t\t\t\t<a href='https:\/\/daemlaja.cl\/wp\/wp-content\/uploads\/2017\/06\/Festival-de-la-Voz25-1.jpg'><img loading=\"lazy\" decoding=\"async\" width=\"150\" height=\"150\" src=\"https:\/\/daemlaja.cl\/wp\/wp-content\/uploads\/2017\/06\/Festival-de-la-Voz25-1-150x150.jpg\" class=\"attachment-thumbnail size-thumbnail\" alt=\"\" srcset=\"https:\/\/daemlaja.cl\/wp\/wp-content\/uploads\/2017\/06\/Festival-de-la-Voz25-1-150x150.jpg 150w, https:\/\/daemlaja.cl\/wp\/wp-content\/uploads\/2017\/06\/Festival-de-la-Voz25-1-70x70.jpg 70w\" sizes=\"auto, (max-width: 150px) 100vw, 150px\" \/><\/a>\n\t\t\t<\/div><\/figure><figure class='gallery-item'>\n\t\t\t<div class='gallery-icon landscape'>\n\t\t\t\t<a href='https:\/\/daemlaja.cl\/wp\/wp-content\/uploads\/2017\/06\/Festival-de-la-Voz26-1.jpg'><img loading=\"lazy\" decoding=\"async\" width=\"150\" height=\"150\" src=\"https:\/\/daemlaja.cl\/wp\/wp-content\/uploads\/2017\/06\/Festival-de-la-Voz26-1-150x150.jpg\" class=\"attachment-thumbnail size-thumbnail\" alt=\"\" srcset=\"https:\/\/daemlaja.cl\/wp\/wp-content\/uploads\/2017\/06\/Festival-de-la-Voz26-1-150x150.jpg 150w, https:\/\/daemlaja.cl\/wp\/wp-content\/uploads\/2017\/06\/Festival-de-la-Voz26-1-70x70.jpg 70w\" sizes=\"auto, (max-width: 150px) 100vw, 150px\" \/><\/a>\n\t\t\t<\/div><\/figure><figure class='gallery-item'>\n\t\t\t<div class='gallery-icon landscape'>\n\t\t\t\t<a href='https:\/\/daemlaja.cl\/wp\/wp-content\/uploads\/2017\/06\/Festival-de-la-Voz27-1.jpg'><img loading=\"lazy\" decoding=\"async\" width=\"150\" height=\"150\" src=\"https:\/\/daemlaja.cl\/wp\/wp-content\/uploads\/2017\/06\/Festival-de-la-Voz27-1-150x150.jpg\" class=\"attachment-thumbnail size-thumbnail\" alt=\"\" srcset=\"https:\/\/daemlaja.cl\/wp\/wp-content\/uploads\/2017\/06\/Festival-de-la-Voz27-1-150x150.jpg 150w, https:\/\/daemlaja.cl\/wp\/wp-content\/uploads\/2017\/06\/Festival-de-la-Voz27-1-70x70.jpg 70w\" sizes=\"auto, (max-width: 150px) 100vw, 150px\" \/><\/a>\n\t\t\t<\/div><\/figure><figure class='gallery-item'>\n\t\t\t<div class='gallery-icon landscape'>\n\t\t\t\t<a href='https:\/\/daemlaja.cl\/wp\/wp-content\/uploads\/2017\/06\/Festival-de-la-Voz28-1.jpg'><img loading=\"lazy\" decoding=\"async\" width=\"150\" height=\"150\" src=\"https:\/\/daemlaja.cl\/wp\/wp-content\/uploads\/2017\/06\/Festival-de-la-Voz28-1-150x150.jpg\" class=\"attachment-thumbnail size-thumbnail\" alt=\"\" srcset=\"https:\/\/daemlaja.cl\/wp\/wp-content\/uploads\/2017\/06\/Festival-de-la-Voz28-1-150x150.jpg 150w, https:\/\/daemlaja.cl\/wp\/wp-content\/uploads\/2017\/06\/Festival-de-la-Voz28-1-70x70.jpg 70w\" sizes=\"auto, (max-width: 150px) 100vw, 150px\" \/><\/a>\n\t\t\t<\/div><\/figure><figure class='gallery-item'>\n\t\t\t<div class='gallery-icon landscape'>\n\t\t\t\t<a href='https:\/\/daemlaja.cl\/wp\/wp-content\/uploads\/2017\/06\/Festival-de-la-Voz29.jpg'><img loading=\"lazy\" decoding=\"async\" width=\"150\" height=\"150\" src=\"https:\/\/daemlaja.cl\/wp\/wp-content\/uploads\/2017\/06\/Festival-de-la-Voz29-150x150.jpg\" class=\"attachment-thumbnail size-thumbnail\" alt=\"\" srcset=\"https:\/\/daemlaja.cl\/wp\/wp-content\/uploads\/2017\/06\/Festival-de-la-Voz29-150x150.jpg 150w, https:\/\/daemlaja.cl\/wp\/wp-content\/uploads\/2017\/06\/Festival-de-la-Voz29-70x70.jpg 70w\" sizes=\"auto, (max-width: 150px) 100vw, 150px\" \/><\/a>\n\t\t\t<\/div><\/figure><figure class='gallery-item'>\n\t\t\t<div class='gallery-icon landscape'>\n\t\t\t\t<a href='https:\/\/daemlaja.cl\/wp\/wp-content\/uploads\/2017\/06\/Festival-de-la-Voz30-1.jpg'><img loading=\"lazy\" decoding=\"async\" width=\"150\" height=\"150\" src=\"https:\/\/daemlaja.cl\/wp\/wp-content\/uploads\/2017\/06\/Festival-de-la-Voz30-1-150x150.jpg\" class=\"attachment-thumbnail size-thumbnail\" alt=\"\" srcset=\"https:\/\/daemlaja.cl\/wp\/wp-content\/uploads\/2017\/06\/Festival-de-la-Voz30-1-150x150.jpg 150w, https:\/\/daemlaja.cl\/wp\/wp-content\/uploads\/2017\/06\/Festival-de-la-Voz30-1-70x70.jpg 70w\" sizes=\"auto, (max-width: 150px) 100vw, 150px\" \/><\/a>\n\t\t\t<\/div><\/figure><figure class='gallery-item'>\n\t\t\t<div class='gallery-icon portrait'>\n\t\t\t\t<a href='https:\/\/daemlaja.cl\/wp\/wp-content\/uploads\/2017\/06\/Festival-de-la-Voz31-1.jpg'><img loading=\"lazy\" decoding=\"async\" width=\"150\" height=\"150\" src=\"https:\/\/daemlaja.cl\/wp\/wp-content\/uploads\/2017\/06\/Festival-de-la-Voz31-1-150x150.jpg\" class=\"attachment-thumbnail size-thumbnail\" alt=\"\" srcset=\"https:\/\/daemlaja.cl\/wp\/wp-content\/uploads\/2017\/06\/Festival-de-la-Voz31-1-150x150.jpg 150w, https:\/\/daemlaja.cl\/wp\/wp-content\/uploads\/2017\/06\/Festival-de-la-Voz31-1-70x70.jpg 70w\" sizes=\"auto, (max-width: 150px) 100vw, 150px\" \/><\/a>\n\t\t\t<\/div><\/figure><figure class='gallery-item'>\n\t\t\t<div class='gallery-icon landscape'>\n\t\t\t\t<a href='https:\/\/daemlaja.cl\/wp\/wp-content\/uploads\/2017\/06\/Festival-de-la-Voz32-1.jpg'><img loading=\"lazy\" decoding=\"async\" width=\"150\" height=\"150\" src=\"https:\/\/daemlaja.cl\/wp\/wp-content\/uploads\/2017\/06\/Festival-de-la-Voz32-1-150x150.jpg\" class=\"attachment-thumbnail size-thumbnail\" alt=\"\" srcset=\"https:\/\/daemlaja.cl\/wp\/wp-content\/uploads\/2017\/06\/Festival-de-la-Voz32-1-150x150.jpg 150w, https:\/\/daemlaja.cl\/wp\/wp-content\/uploads\/2017\/06\/Festival-de-la-Voz32-1-70x70.jpg 70w\" sizes=\"auto, (max-width: 150px) 100vw, 150px\" \/><\/a>\n\t\t\t<\/div><\/figure><figure class='gallery-item'>\n\t\t\t<div class='gallery-icon landscape'>\n\t\t\t\t<a href='https:\/\/daemlaja.cl\/wp\/wp-content\/uploads\/2017\/06\/Festival-de-la-Voz33-1.jpg'><img loading=\"lazy\" decoding=\"async\" width=\"150\" height=\"150\" src=\"https:\/\/daemlaja.cl\/wp\/wp-content\/uploads\/2017\/06\/Festival-de-la-Voz33-1-150x150.jpg\" class=\"attachment-thumbnail size-thumbnail\" alt=\"\" srcset=\"https:\/\/daemlaja.cl\/wp\/wp-content\/uploads\/2017\/06\/Festival-de-la-Voz33-1-150x150.jpg 150w, https:\/\/daemlaja.cl\/wp\/wp-content\/uploads\/2017\/06\/Festival-de-la-Voz33-1-70x70.jpg 70w\" sizes=\"auto, (max-width: 150px) 100vw, 150px\" \/><\/a>\n\t\t\t<\/div><\/figure><figure class='gallery-item'>\n\t\t\t<div class='gallery-icon portrait'>\n\t\t\t\t<a href='https:\/\/daemlaja.cl\/wp\/wp-content\/uploads\/2017\/06\/Festival-de-la-Voz34-1.jpg'><img loading=\"lazy\" decoding=\"async\" width=\"150\" height=\"150\" src=\"https:\/\/daemlaja.cl\/wp\/wp-content\/uploads\/2017\/06\/Festival-de-la-Voz34-1-150x150.jpg\" class=\"attachment-thumbnail size-thumbnail\" alt=\"\" srcset=\"https:\/\/daemlaja.cl\/wp\/wp-content\/uploads\/2017\/06\/Festival-de-la-Voz34-1-150x150.jpg 150w, https:\/\/daemlaja.cl\/wp\/wp-content\/uploads\/2017\/06\/Festival-de-la-Voz34-1-70x70.jpg 70w\" sizes=\"auto, (max-width: 150px) 100vw, 150px\" \/><\/a>\n\t\t\t<\/div><\/figure><figure class='gallery-item'>\n\t\t\t<div class='gallery-icon landscape'>\n\t\t\t\t<a href='https:\/\/daemlaja.cl\/wp\/wp-content\/uploads\/2017\/06\/Festival-de-la-Voz35-1.jpg'><img loading=\"lazy\" decoding=\"async\" width=\"150\" height=\"150\" src=\"https:\/\/daemlaja.cl\/wp\/wp-content\/uploads\/2017\/06\/Festival-de-la-Voz35-1-150x150.jpg\" class=\"attachment-thumbnail size-thumbnail\" alt=\"\" srcset=\"https:\/\/daemlaja.cl\/wp\/wp-content\/uploads\/2017\/06\/Festival-de-la-Voz35-1-150x150.jpg 150w, https:\/\/daemlaja.cl\/wp\/wp-content\/uploads\/2017\/06\/Festival-de-la-Voz35-1-70x70.jpg 70w\" sizes=\"auto, (max-width: 150px) 100vw, 150px\" \/><\/a>\n\t\t\t<\/div><\/figure><figure class='gallery-item'>\n\t\t\t<div class='gallery-icon portrait'>\n\t\t\t\t<a href='https:\/\/daemlaja.cl\/wp\/wp-content\/uploads\/2017\/06\/Festival-de-la-Voz36-1.jpg'><img loading=\"lazy\" decoding=\"async\" width=\"150\" height=\"150\" src=\"https:\/\/daemlaja.cl\/wp\/wp-content\/uploads\/2017\/06\/Festival-de-la-Voz36-1-150x150.jpg\" class=\"attachment-thumbnail size-thumbnail\" alt=\"\" srcset=\"https:\/\/daemlaja.cl\/wp\/wp-content\/uploads\/2017\/06\/Festival-de-la-Voz36-1-150x150.jpg 150w, https:\/\/daemlaja.cl\/wp\/wp-content\/uploads\/2017\/06\/Festival-de-la-Voz36-1-70x70.jpg 70w\" sizes=\"auto, (max-width: 150px) 100vw, 150px\" \/><\/a>\n\t\t\t<\/div><\/figure><figure class='gallery-item'>\n\t\t\t<div class='gallery-icon portrait'>\n\t\t\t\t<a href='https:\/\/daemlaja.cl\/wp\/wp-content\/uploads\/2017\/06\/Festival-de-la-Voz37-1.jpg'><img loading=\"lazy\" decoding=\"async\" width=\"150\" height=\"150\" src=\"https:\/\/daemlaja.cl\/wp\/wp-content\/uploads\/2017\/06\/Festival-de-la-Voz37-1-150x150.jpg\" class=\"attachment-thumbnail size-thumbnail\" alt=\"\" srcset=\"https:\/\/daemlaja.cl\/wp\/wp-content\/uploads\/2017\/06\/Festival-de-la-Voz37-1-150x150.jpg 150w, https:\/\/daemlaja.cl\/wp\/wp-content\/uploads\/2017\/06\/Festival-de-la-Voz37-1-70x70.jpg 70w\" sizes=\"auto, (max-width: 150px) 100vw, 150px\" \/><\/a>\n\t\t\t<\/div><\/figure><figure class='gallery-item'>\n\t\t\t<div class='gallery-icon portrait'>\n\t\t\t\t<a href='https:\/\/daemlaja.cl\/wp\/wp-content\/uploads\/2017\/06\/Festival-de-la-Voz38-1.jpg'><img loading=\"lazy\" decoding=\"async\" width=\"150\" height=\"150\" src=\"https:\/\/daemlaja.cl\/wp\/wp-content\/uploads\/2017\/06\/Festival-de-la-Voz38-1-150x150.jpg\" class=\"attachment-thumbnail size-thumbnail\" alt=\"\" srcset=\"https:\/\/daemlaja.cl\/wp\/wp-content\/uploads\/2017\/06\/Festival-de-la-Voz38-1-150x150.jpg 150w, https:\/\/daemlaja.cl\/wp\/wp-content\/uploads\/2017\/06\/Festival-de-la-Voz38-1-70x70.jpg 70w\" sizes=\"auto, (max-width: 150px) 100vw, 150px\" \/><\/a>\n\t\t\t<\/div><\/figure><figure class='gallery-item'>\n\t\t\t<div class='gallery-icon landscape'>\n\t\t\t\t<a href='https:\/\/daemlaja.cl\/wp\/wp-content\/uploads\/2017\/06\/Festival-de-la-Voz39-1.jpg'><img loading=\"lazy\" decoding=\"async\" width=\"150\" height=\"150\" src=\"https:\/\/daemlaja.cl\/wp\/wp-content\/uploads\/2017\/06\/Festival-de-la-Voz39-1-150x150.jpg\" class=\"attachment-thumbnail size-thumbnail\" alt=\"\" srcset=\"https:\/\/daemlaja.cl\/wp\/wp-content\/uploads\/2017\/06\/Festival-de-la-Voz39-1-150x150.jpg 150w, https:\/\/daemlaja.cl\/wp\/wp-content\/uploads\/2017\/06\/Festival-de-la-Voz39-1-70x70.jpg 70w\" sizes=\"auto, (max-width: 150px) 100vw, 150px\" \/><\/a>\n\t\t\t<\/div><\/figure><figure class='gallery-item'>\n\t\t\t<div class='gallery-icon landscape'>\n\t\t\t\t<a href='https:\/\/daemlaja.cl\/wp\/wp-content\/uploads\/2017\/06\/Festival-de-la-Voz40-1.jpg'><img loading=\"lazy\" decoding=\"async\" width=\"150\" height=\"150\" src=\"https:\/\/daemlaja.cl\/wp\/wp-content\/uploads\/2017\/06\/Festival-de-la-Voz40-1-150x150.jpg\" class=\"attachment-thumbnail size-thumbnail\" alt=\"\" srcset=\"https:\/\/daemlaja.cl\/wp\/wp-content\/uploads\/2017\/06\/Festival-de-la-Voz40-1-150x150.jpg 150w, https:\/\/daemlaja.cl\/wp\/wp-content\/uploads\/2017\/06\/Festival-de-la-Voz40-1-70x70.jpg 70w\" sizes=\"auto, (max-width: 150px) 100vw, 150px\" \/><\/a>\n\t\t\t<\/div><\/figure><figure class='gallery-item'>\n\t\t\t<div class='gallery-icon portrait'>\n\t\t\t\t<a href='https:\/\/daemlaja.cl\/wp\/wp-content\/uploads\/2017\/06\/Festival-de-la-Voz41-1.jpg'><img loading=\"lazy\" decoding=\"async\" width=\"150\" height=\"150\" src=\"https:\/\/daemlaja.cl\/wp\/wp-content\/uploads\/2017\/06\/Festival-de-la-Voz41-1-150x150.jpg\" class=\"attachment-thumbnail size-thumbnail\" alt=\"\" srcset=\"https:\/\/daemlaja.cl\/wp\/wp-content\/uploads\/2017\/06\/Festival-de-la-Voz41-1-150x150.jpg 150w, https:\/\/daemlaja.cl\/wp\/wp-content\/uploads\/2017\/06\/Festival-de-la-Voz41-1-70x70.jpg 70w\" sizes=\"auto, (max-width: 150px) 100vw, 150px\" \/><\/a>\n\t\t\t<\/div><\/figure><figure class='gallery-item'>\n\t\t\t<div class='gallery-icon landscape'>\n\t\t\t\t<a href='https:\/\/daemlaja.cl\/wp\/wp-content\/uploads\/2017\/06\/Festival-de-la-Voz42-1.jpg'><img loading=\"lazy\" decoding=\"async\" width=\"150\" height=\"150\" src=\"https:\/\/daemlaja.cl\/wp\/wp-content\/uploads\/2017\/06\/Festival-de-la-Voz42-1-150x150.jpg\" class=\"attachment-thumbnail size-thumbnail\" alt=\"\" srcset=\"https:\/\/daemlaja.cl\/wp\/wp-content\/uploads\/2017\/06\/Festival-de-la-Voz42-1-150x150.jpg 150w, https:\/\/daemlaja.cl\/wp\/wp-content\/uploads\/2017\/06\/Festival-de-la-Voz42-1-70x70.jpg 70w\" sizes=\"auto, (max-width: 150px) 100vw, 150px\" \/><\/a>\n\t\t\t<\/div><\/figure><figure class='gallery-item'>\n\t\t\t<div class='gallery-icon landscape'>\n\t\t\t\t<a href='https:\/\/daemlaja.cl\/wp\/wp-content\/uploads\/2017\/06\/Festival-de-la-Voz43-1.jpg'><img loading=\"lazy\" decoding=\"async\" width=\"150\" height=\"150\" src=\"https:\/\/daemlaja.cl\/wp\/wp-content\/uploads\/2017\/06\/Festival-de-la-Voz43-1-150x150.jpg\" class=\"attachment-thumbnail size-thumbnail\" alt=\"\" srcset=\"https:\/\/daemlaja.cl\/wp\/wp-content\/uploads\/2017\/06\/Festival-de-la-Voz43-1-150x150.jpg 150w, https:\/\/daemlaja.cl\/wp\/wp-content\/uploads\/2017\/06\/Festival-de-la-Voz43-1-70x70.jpg 70w\" sizes=\"auto, (max-width: 150px) 100vw, 150px\" \/><\/a>\n\t\t\t<\/div><\/figure><figure class='gallery-item'>\n\t\t\t<div class='gallery-icon landscape'>\n\t\t\t\t<a href='https:\/\/daemlaja.cl\/wp\/wp-content\/uploads\/2017\/06\/Festival-de-la-Voz44-1.jpg'><img loading=\"lazy\" decoding=\"async\" width=\"150\" height=\"150\" src=\"https:\/\/daemlaja.cl\/wp\/wp-content\/uploads\/2017\/06\/Festival-de-la-Voz44-1-150x150.jpg\" class=\"attachment-thumbnail size-thumbnail\" alt=\"\" srcset=\"https:\/\/daemlaja.cl\/wp\/wp-content\/uploads\/2017\/06\/Festival-de-la-Voz44-1-150x150.jpg 150w, https:\/\/daemlaja.cl\/wp\/wp-content\/uploads\/2017\/06\/Festival-de-la-Voz44-1-70x70.jpg 70w\" sizes=\"auto, (max-width: 150px) 100vw, 150px\" \/><\/a>\n\t\t\t<\/div><\/figure><figure class='gallery-item'>\n\t\t\t<div class='gallery-icon landscape'>\n\t\t\t\t<a href='https:\/\/daemlaja.cl\/wp\/wp-content\/uploads\/2017\/06\/Festival-de-la-Voz45-1.jpg'><img loading=\"lazy\" decoding=\"async\" width=\"150\" height=\"150\" src=\"https:\/\/daemlaja.cl\/wp\/wp-content\/uploads\/2017\/06\/Festival-de-la-Voz45-1-150x150.jpg\" class=\"attachment-thumbnail size-thumbnail\" alt=\"\" srcset=\"https:\/\/daemlaja.cl\/wp\/wp-content\/uploads\/2017\/06\/Festival-de-la-Voz45-1-150x150.jpg 150w, https:\/\/daemlaja.cl\/wp\/wp-content\/uploads\/2017\/06\/Festival-de-la-Voz45-1-70x70.jpg 70w\" sizes=\"auto, (max-width: 150px) 100vw, 150px\" \/><\/a>\n\t\t\t<\/div><\/figure><figure class='gallery-item'>\n\t\t\t<div class='gallery-icon landscape'>\n\t\t\t\t<a href='https:\/\/daemlaja.cl\/wp\/wp-content\/uploads\/2017\/06\/Festival-de-la-Voz46-1.jpg'><img loading=\"lazy\" decoding=\"async\" width=\"150\" height=\"150\" src=\"https:\/\/daemlaja.cl\/wp\/wp-content\/uploads\/2017\/06\/Festival-de-la-Voz46-1-150x150.jpg\" class=\"attachment-thumbnail size-thumbnail\" alt=\"\" srcset=\"https:\/\/daemlaja.cl\/wp\/wp-content\/uploads\/2017\/06\/Festival-de-la-Voz46-1-150x150.jpg 150w, https:\/\/daemlaja.cl\/wp\/wp-content\/uploads\/2017\/06\/Festival-de-la-Voz46-1-70x70.jpg 70w\" sizes=\"auto, (max-width: 150px) 100vw, 150px\" \/><\/a>\n\t\t\t<\/div><\/figure><figure class='gallery-item'>\n\t\t\t<div class='gallery-icon landscape'>\n\t\t\t\t<a href='https:\/\/daemlaja.cl\/wp\/wp-content\/uploads\/2017\/06\/Festival-de-la-Voz47.jpg'><img loading=\"lazy\" decoding=\"async\" width=\"150\" height=\"150\" src=\"https:\/\/daemlaja.cl\/wp\/wp-content\/uploads\/2017\/06\/Festival-de-la-Voz47-150x150.jpg\" class=\"attachment-thumbnail size-thumbnail\" alt=\"\" srcset=\"https:\/\/daemlaja.cl\/wp\/wp-content\/uploads\/2017\/06\/Festival-de-la-Voz47-150x150.jpg 150w, https:\/\/daemlaja.cl\/wp\/wp-content\/uploads\/2017\/06\/Festival-de-la-Voz47-70x70.jpg 70w\" sizes=\"auto, (max-width: 150px) 100vw, 150px\" \/><\/a>\n\t\t\t<\/div><\/figure><figure class='gallery-item'>\n\t\t\t<div class='gallery-icon portrait'>\n\t\t\t\t<a href='https:\/\/daemlaja.cl\/wp\/wp-content\/uploads\/2017\/06\/Festival-de-la-Voz48-1.jpg'><img loading=\"lazy\" decoding=\"async\" width=\"150\" height=\"150\" src=\"https:\/\/daemlaja.cl\/wp\/wp-content\/uploads\/2017\/06\/Festival-de-la-Voz48-1-150x150.jpg\" class=\"attachment-thumbnail size-thumbnail\" alt=\"\" srcset=\"https:\/\/daemlaja.cl\/wp\/wp-content\/uploads\/2017\/06\/Festival-de-la-Voz48-1-150x150.jpg 150w, https:\/\/daemlaja.cl\/wp\/wp-content\/uploads\/2017\/06\/Festival-de-la-Voz48-1-70x70.jpg 70w\" sizes=\"auto, (max-width: 150px) 100vw, 150px\" \/><\/a>\n\t\t\t<\/div><\/figure><figure class='gallery-item'>\n\t\t\t<div class='gallery-icon portrait'>\n\t\t\t\t<a href='https:\/\/daemlaja.cl\/wp\/wp-content\/uploads\/2017\/06\/Festival-de-la-Voz49-1.jpg'><img loading=\"lazy\" decoding=\"async\" width=\"150\" height=\"150\" src=\"https:\/\/daemlaja.cl\/wp\/wp-content\/uploads\/2017\/06\/Festival-de-la-Voz49-1-150x150.jpg\" class=\"attachment-thumbnail size-thumbnail\" alt=\"\" srcset=\"https:\/\/daemlaja.cl\/wp\/wp-content\/uploads\/2017\/06\/Festival-de-la-Voz49-1-150x150.jpg 150w, https:\/\/daemlaja.cl\/wp\/wp-content\/uploads\/2017\/06\/Festival-de-la-Voz49-1-70x70.jpg 70w\" sizes=\"auto, (max-width: 150px) 100vw, 150px\" \/><\/a>\n\t\t\t<\/div><\/figure><figure class='gallery-item'>\n\t\t\t<div class='gallery-icon landscape'>\n\t\t\t\t<a href='https:\/\/daemlaja.cl\/wp\/wp-content\/uploads\/2017\/06\/Festival-de-la-Voz50-1.jpg'><img loading=\"lazy\" decoding=\"async\" width=\"150\" height=\"150\" src=\"https:\/\/daemlaja.cl\/wp\/wp-content\/uploads\/2017\/06\/Festival-de-la-Voz50-1-150x150.jpg\" class=\"attachment-thumbnail size-thumbnail\" alt=\"\" srcset=\"https:\/\/daemlaja.cl\/wp\/wp-content\/uploads\/2017\/06\/Festival-de-la-Voz50-1-150x150.jpg 150w, https:\/\/daemlaja.cl\/wp\/wp-content\/uploads\/2017\/06\/Festival-de-la-Voz50-1-70x70.jpg 70w\" sizes=\"auto, (max-width: 150px) 100vw, 150px\" \/><\/a>\n\t\t\t<\/div><\/figure><figure class='gallery-item'>\n\t\t\t<div class='gallery-icon landscape'>\n\t\t\t\t<a href='https:\/\/daemlaja.cl\/wp\/wp-content\/uploads\/2017\/06\/Festival-de-la-Voz51-1.jpg'><img loading=\"lazy\" decoding=\"async\" width=\"150\" height=\"150\" src=\"https:\/\/daemlaja.cl\/wp\/wp-content\/uploads\/2017\/06\/Festival-de-la-Voz51-1-150x150.jpg\" class=\"attachment-thumbnail size-thumbnail\" alt=\"\" srcset=\"https:\/\/daemlaja.cl\/wp\/wp-content\/uploads\/2017\/06\/Festival-de-la-Voz51-1-150x150.jpg 150w, https:\/\/daemlaja.cl\/wp\/wp-content\/uploads\/2017\/06\/Festival-de-la-Voz51-1-70x70.jpg 70w\" sizes=\"auto, (max-width: 150px) 100vw, 150px\" \/><\/a>\n\t\t\t<\/div><\/figure><figure class='gallery-item'>\n\t\t\t<div class='gallery-icon landscape'>\n\t\t\t\t<a href='https:\/\/daemlaja.cl\/wp\/wp-content\/uploads\/2017\/06\/Festival-de-la-Voz52-1.jpg'><img loading=\"lazy\" decoding=\"async\" width=\"150\" height=\"150\" src=\"https:\/\/daemlaja.cl\/wp\/wp-content\/uploads\/2017\/06\/Festival-de-la-Voz52-1-150x150.jpg\" class=\"attachment-thumbnail size-thumbnail\" alt=\"\" srcset=\"https:\/\/daemlaja.cl\/wp\/wp-content\/uploads\/2017\/06\/Festival-de-la-Voz52-1-150x150.jpg 150w, https:\/\/daemlaja.cl\/wp\/wp-content\/uploads\/2017\/06\/Festival-de-la-Voz52-1-70x70.jpg 70w\" sizes=\"auto, (max-width: 150px) 100vw, 150px\" \/><\/a>\n\t\t\t<\/div><\/figure><figure class='gallery-item'>\n\t\t\t<div class='gallery-icon landscape'>\n\t\t\t\t<a href='https:\/\/daemlaja.cl\/wp\/wp-content\/uploads\/2017\/06\/Festival-de-la-Voz53.jpg'><img loading=\"lazy\" decoding=\"async\" width=\"150\" height=\"150\" src=\"https:\/\/daemlaja.cl\/wp\/wp-content\/uploads\/2017\/06\/Festival-de-la-Voz53-150x150.jpg\" class=\"attachment-thumbnail size-thumbnail\" alt=\"\" srcset=\"https:\/\/daemlaja.cl\/wp\/wp-content\/uploads\/2017\/06\/Festival-de-la-Voz53-150x150.jpg 150w, https:\/\/daemlaja.cl\/wp\/wp-content\/uploads\/2017\/06\/Festival-de-la-Voz53-70x70.jpg 70w\" sizes=\"auto, (max-width: 150px) 100vw, 150px\" \/><\/a>\n\t\t\t<\/div><\/figure><figure class='gallery-item'>\n\t\t\t<div class='gallery-icon landscape'>\n\t\t\t\t<a href='https:\/\/daemlaja.cl\/wp\/wp-content\/uploads\/2017\/06\/Festival-de-la-Voz54-1.jpg'><img loading=\"lazy\" decoding=\"async\" width=\"150\" height=\"150\" src=\"https:\/\/daemlaja.cl\/wp\/wp-content\/uploads\/2017\/06\/Festival-de-la-Voz54-1-150x150.jpg\" class=\"attachment-thumbnail size-thumbnail\" alt=\"\" srcset=\"https:\/\/daemlaja.cl\/wp\/wp-content\/uploads\/2017\/06\/Festival-de-la-Voz54-1-150x150.jpg 150w, https:\/\/daemlaja.cl\/wp\/wp-content\/uploads\/2017\/06\/Festival-de-la-Voz54-1-70x70.jpg 70w\" sizes=\"auto, (max-width: 150px) 100vw, 150px\" \/><\/a>\n\t\t\t<\/div><\/figure><figure class='gallery-item'>\n\t\t\t<div class='gallery-icon landscape'>\n\t\t\t\t<a href='https:\/\/daemlaja.cl\/wp\/wp-content\/uploads\/2017\/06\/Festival-de-la-Voz55-1.jpg'><img loading=\"lazy\" decoding=\"async\" width=\"150\" height=\"150\" src=\"https:\/\/daemlaja.cl\/wp\/wp-content\/uploads\/2017\/06\/Festival-de-la-Voz55-1-150x150.jpg\" class=\"attachment-thumbnail size-thumbnail\" alt=\"\" srcset=\"https:\/\/daemlaja.cl\/wp\/wp-content\/uploads\/2017\/06\/Festival-de-la-Voz55-1-150x150.jpg 150w, https:\/\/daemlaja.cl\/wp\/wp-content\/uploads\/2017\/06\/Festival-de-la-Voz55-1-70x70.jpg 70w\" sizes=\"auto, (max-width: 150px) 100vw, 150px\" \/><\/a>\n\t\t\t<\/div><\/figure><figure class='gallery-item'>\n\t\t\t<div class='gallery-icon portrait'>\n\t\t\t\t<a href='https:\/\/daemlaja.cl\/wp\/wp-content\/uploads\/2017\/06\/Festival-de-la-Voz56-1.jpg'><img loading=\"lazy\" decoding=\"async\" width=\"150\" height=\"150\" src=\"https:\/\/daemlaja.cl\/wp\/wp-content\/uploads\/2017\/06\/Festival-de-la-Voz56-1-150x150.jpg\" class=\"attachment-thumbnail size-thumbnail\" alt=\"\" srcset=\"https:\/\/daemlaja.cl\/wp\/wp-content\/uploads\/2017\/06\/Festival-de-la-Voz56-1-150x150.jpg 150w, https:\/\/daemlaja.cl\/wp\/wp-content\/uploads\/2017\/06\/Festival-de-la-Voz56-1-70x70.jpg 70w\" sizes=\"auto, (max-width: 150px) 100vw, 150px\" \/><\/a>\n\t\t\t<\/div><\/figure><figure class='gallery-item'>\n\t\t\t<div class='gallery-icon portrait'>\n\t\t\t\t<a href='https:\/\/daemlaja.cl\/wp\/wp-content\/uploads\/2017\/06\/Festival-de-la-Voz57-1.jpg'><img loading=\"lazy\" decoding=\"async\" width=\"150\" height=\"150\" src=\"https:\/\/daemlaja.cl\/wp\/wp-content\/uploads\/2017\/06\/Festival-de-la-Voz57-1-150x150.jpg\" class=\"attachment-thumbnail size-thumbnail\" alt=\"\" srcset=\"https:\/\/daemlaja.cl\/wp\/wp-content\/uploads\/2017\/06\/Festival-de-la-Voz57-1-150x150.jpg 150w, https:\/\/daemlaja.cl\/wp\/wp-content\/uploads\/2017\/06\/Festival-de-la-Voz57-1-70x70.jpg 70w\" sizes=\"auto, (max-width: 150px) 100vw, 150px\" \/><\/a>\n\t\t\t<\/div><\/figure><figure class='gallery-item'>\n\t\t\t<div class='gallery-icon portrait'>\n\t\t\t\t<a href='https:\/\/daemlaja.cl\/wp\/wp-content\/uploads\/2017\/06\/Festival-de-la-Voz58.jpg'><img loading=\"lazy\" decoding=\"async\" width=\"150\" height=\"150\" src=\"https:\/\/daemlaja.cl\/wp\/wp-content\/uploads\/2017\/06\/Festival-de-la-Voz58-150x150.jpg\" class=\"attachment-thumbnail size-thumbnail\" alt=\"\" srcset=\"https:\/\/daemlaja.cl\/wp\/wp-content\/uploads\/2017\/06\/Festival-de-la-Voz58-150x150.jpg 150w, https:\/\/daemlaja.cl\/wp\/wp-content\/uploads\/2017\/06\/Festival-de-la-Voz58-70x70.jpg 70w\" sizes=\"auto, (max-width: 150px) 100vw, 150px\" \/><\/a>\n\t\t\t<\/div><\/figure><figure class='gallery-item'>\n\t\t\t<div class='gallery-icon landscape'>\n\t\t\t\t<a href='https:\/\/daemlaja.cl\/wp\/wp-content\/uploads\/2017\/06\/Festival-de-la-Voz59-1.jpg'><img loading=\"lazy\" decoding=\"async\" width=\"150\" height=\"150\" src=\"https:\/\/daemlaja.cl\/wp\/wp-content\/uploads\/2017\/06\/Festival-de-la-Voz59-1-150x150.jpg\" class=\"attachment-thumbnail size-thumbnail\" alt=\"\" srcset=\"https:\/\/daemlaja.cl\/wp\/wp-content\/uploads\/2017\/06\/Festival-de-la-Voz59-1-150x150.jpg 150w, https:\/\/daemlaja.cl\/wp\/wp-content\/uploads\/2017\/06\/Festival-de-la-Voz59-1-70x70.jpg 70w\" sizes=\"auto, (max-width: 150px) 100vw, 150px\" \/><\/a>\n\t\t\t<\/div><\/figure><figure class='gallery-item'>\n\t\t\t<div class='gallery-icon landscape'>\n\t\t\t\t<a href='https:\/\/daemlaja.cl\/wp\/wp-content\/uploads\/2017\/06\/Festival-de-la-Voz60-1.jpg'><img loading=\"lazy\" decoding=\"async\" width=\"150\" height=\"150\" src=\"https:\/\/daemlaja.cl\/wp\/wp-content\/uploads\/2017\/06\/Festival-de-la-Voz60-1-150x150.jpg\" class=\"attachment-thumbnail size-thumbnail\" alt=\"\" srcset=\"https:\/\/daemlaja.cl\/wp\/wp-content\/uploads\/2017\/06\/Festival-de-la-Voz60-1-150x150.jpg 150w, https:\/\/daemlaja.cl\/wp\/wp-content\/uploads\/2017\/06\/Festival-de-la-Voz60-1-70x70.jpg 70w\" sizes=\"auto, (max-width: 150px) 100vw, 150px\" \/><\/a>\n\t\t\t<\/div><\/figure><figure class='gallery-item'>\n\t\t\t<div class='gallery-icon landscape'>\n\t\t\t\t<a href='https:\/\/daemlaja.cl\/wp\/wp-content\/uploads\/2017\/06\/Festival-de-la-Voz61-1.jpg'><img loading=\"lazy\" decoding=\"async\" width=\"150\" height=\"150\" src=\"https:\/\/daemlaja.cl\/wp\/wp-content\/uploads\/2017\/06\/Festival-de-la-Voz61-1-150x150.jpg\" class=\"attachment-thumbnail size-thumbnail\" alt=\"\" srcset=\"https:\/\/daemlaja.cl\/wp\/wp-content\/uploads\/2017\/06\/Festival-de-la-Voz61-1-150x150.jpg 150w, https:\/\/daemlaja.cl\/wp\/wp-content\/uploads\/2017\/06\/Festival-de-la-Voz61-1-70x70.jpg 70w\" sizes=\"auto, (max-width: 150px) 100vw, 150px\" \/><\/a>\n\t\t\t<\/div><\/figure><figure class='gallery-item'>\n\t\t\t<div class='gallery-icon landscape'>\n\t\t\t\t<a href='https:\/\/daemlaja.cl\/wp\/wp-content\/uploads\/2017\/06\/Festival-de-la-Voz62-1.jpg'><img loading=\"lazy\" decoding=\"async\" width=\"150\" height=\"150\" src=\"https:\/\/daemlaja.cl\/wp\/wp-content\/uploads\/2017\/06\/Festival-de-la-Voz62-1-150x150.jpg\" class=\"attachment-thumbnail size-thumbnail\" alt=\"\" srcset=\"https:\/\/daemlaja.cl\/wp\/wp-content\/uploads\/2017\/06\/Festival-de-la-Voz62-1-150x150.jpg 150w, https:\/\/daemlaja.cl\/wp\/wp-content\/uploads\/2017\/06\/Festival-de-la-Voz62-1-70x70.jpg 70w\" sizes=\"auto, (max-width: 150px) 100vw, 150px\" \/><\/a>\n\t\t\t<\/div><\/figure><figure class='gallery-item'>\n\t\t\t<div class='gallery-icon landscape'>\n\t\t\t\t<a href='https:\/\/daemlaja.cl\/wp\/wp-content\/uploads\/2017\/06\/Festival-de-la-Voz63-1.jpg'><img loading=\"lazy\" decoding=\"async\" width=\"150\" height=\"150\" src=\"https:\/\/daemlaja.cl\/wp\/wp-content\/uploads\/2017\/06\/Festival-de-la-Voz63-1-150x150.jpg\" class=\"attachment-thumbnail size-thumbnail\" alt=\"\" srcset=\"https:\/\/daemlaja.cl\/wp\/wp-content\/uploads\/2017\/06\/Festival-de-la-Voz63-1-150x150.jpg 150w, https:\/\/daemlaja.cl\/wp\/wp-content\/uploads\/2017\/06\/Festival-de-la-Voz63-1-70x70.jpg 70w\" sizes=\"auto, (max-width: 150px) 100vw, 150px\" \/><\/a>\n\t\t\t<\/div><\/figure><figure class='gallery-item'>\n\t\t\t<div class='gallery-icon landscape'>\n\t\t\t\t<a href='https:\/\/daemlaja.cl\/wp\/wp-content\/uploads\/2017\/06\/Festival-de-la-Voz64.jpg'><img loading=\"lazy\" decoding=\"async\" width=\"150\" height=\"150\" src=\"https:\/\/daemlaja.cl\/wp\/wp-content\/uploads\/2017\/06\/Festival-de-la-Voz64-150x150.jpg\" class=\"attachment-thumbnail size-thumbnail\" alt=\"\" srcset=\"https:\/\/daemlaja.cl\/wp\/wp-content\/uploads\/2017\/06\/Festival-de-la-Voz64-150x150.jpg 150w, https:\/\/daemlaja.cl\/wp\/wp-content\/uploads\/2017\/06\/Festival-de-la-Voz64-70x70.jpg 70w\" sizes=\"auto, (max-width: 150px) 100vw, 150px\" \/><\/a>\n\t\t\t<\/div><\/figure><figure class='gallery-item'>\n\t\t\t<div class='gallery-icon portrait'>\n\t\t\t\t<a href='https:\/\/daemlaja.cl\/wp\/wp-content\/uploads\/2017\/06\/Festival-de-la-Voz65-1.jpg'><img loading=\"lazy\" decoding=\"async\" width=\"150\" height=\"150\" src=\"https:\/\/daemlaja.cl\/wp\/wp-content\/uploads\/2017\/06\/Festival-de-la-Voz65-1-150x150.jpg\" class=\"attachment-thumbnail size-thumbnail\" alt=\"\" srcset=\"https:\/\/daemlaja.cl\/wp\/wp-content\/uploads\/2017\/06\/Festival-de-la-Voz65-1-150x150.jpg 150w, https:\/\/daemlaja.cl\/wp\/wp-content\/uploads\/2017\/06\/Festival-de-la-Voz65-1-70x70.jpg 70w\" sizes=\"auto, (max-width: 150px) 100vw, 150px\" \/><\/a>\n\t\t\t<\/div><\/figure><figure class='gallery-item'>\n\t\t\t<div class='gallery-icon portrait'>\n\t\t\t\t<a href='https:\/\/daemlaja.cl\/wp\/wp-content\/uploads\/2017\/06\/Festival-de-la-Voz66.jpg'><img loading=\"lazy\" decoding=\"async\" width=\"150\" height=\"150\" src=\"https:\/\/daemlaja.cl\/wp\/wp-content\/uploads\/2017\/06\/Festival-de-la-Voz66-150x150.jpg\" class=\"attachment-thumbnail size-thumbnail\" alt=\"\" srcset=\"https:\/\/daemlaja.cl\/wp\/wp-content\/uploads\/2017\/06\/Festival-de-la-Voz66-150x150.jpg 150w, https:\/\/daemlaja.cl\/wp\/wp-content\/uploads\/2017\/06\/Festival-de-la-Voz66-70x70.jpg 70w\" sizes=\"auto, (max-width: 150px) 100vw, 150px\" \/><\/a>\n\t\t\t<\/div><\/figure><figure class='gallery-item'>\n\t\t\t<div class='gallery-icon portrait'>\n\t\t\t\t<a href='https:\/\/daemlaja.cl\/wp\/wp-content\/uploads\/2017\/06\/Festival-de-la-Voz67-1.jpg'><img loading=\"lazy\" decoding=\"async\" width=\"150\" height=\"150\" src=\"https:\/\/daemlaja.cl\/wp\/wp-content\/uploads\/2017\/06\/Festival-de-la-Voz67-1-150x150.jpg\" class=\"attachment-thumbnail size-thumbnail\" alt=\"\" srcset=\"https:\/\/daemlaja.cl\/wp\/wp-content\/uploads\/2017\/06\/Festival-de-la-Voz67-1-150x150.jpg 150w, https:\/\/daemlaja.cl\/wp\/wp-content\/uploads\/2017\/06\/Festival-de-la-Voz67-1-70x70.jpg 70w\" sizes=\"auto, (max-width: 150px) 100vw, 150px\" \/><\/a>\n\t\t\t<\/div><\/figure><figure class='gallery-item'>\n\t\t\t<div class='gallery-icon landscape'>\n\t\t\t\t<a href='https:\/\/daemlaja.cl\/wp\/wp-content\/uploads\/2017\/06\/Festival-de-la-Voz68-2.jpg'><img loading=\"lazy\" decoding=\"async\" width=\"150\" height=\"150\" src=\"https:\/\/daemlaja.cl\/wp\/wp-content\/uploads\/2017\/06\/Festival-de-la-Voz68-2-150x150.jpg\" class=\"attachment-thumbnail size-thumbnail\" alt=\"\" srcset=\"https:\/\/daemlaja.cl\/wp\/wp-content\/uploads\/2017\/06\/Festival-de-la-Voz68-2-150x150.jpg 150w, https:\/\/daemlaja.cl\/wp\/wp-content\/uploads\/2017\/06\/Festival-de-la-Voz68-2-70x70.jpg 70w\" sizes=\"auto, (max-width: 150px) 100vw, 150px\" \/><\/a>\n\t\t\t<\/div><\/figure><figure class='gallery-item'>\n\t\t\t<div class='gallery-icon portrait'>\n\t\t\t\t<a href='https:\/\/daemlaja.cl\/wp\/wp-content\/uploads\/2017\/06\/Festival-de-la-Voz69-1.jpg'><img loading=\"lazy\" decoding=\"async\" width=\"150\" height=\"150\" src=\"https:\/\/daemlaja.cl\/wp\/wp-content\/uploads\/2017\/06\/Festival-de-la-Voz69-1-150x150.jpg\" class=\"attachment-thumbnail size-thumbnail\" alt=\"\" srcset=\"https:\/\/daemlaja.cl\/wp\/wp-content\/uploads\/2017\/06\/Festival-de-la-Voz69-1-150x150.jpg 150w, https:\/\/daemlaja.cl\/wp\/wp-content\/uploads\/2017\/06\/Festival-de-la-Voz69-1-70x70.jpg 70w\" sizes=\"auto, (max-width: 150px) 100vw, 150px\" \/><\/a>\n\t\t\t<\/div><\/figure><figure class='gallery-item'>\n\t\t\t<div class='gallery-icon portrait'>\n\t\t\t\t<a href='https:\/\/daemlaja.cl\/wp\/wp-content\/uploads\/2017\/06\/Festival-de-la-Voz130-1.jpg'><img loading=\"lazy\" decoding=\"async\" width=\"150\" height=\"150\" src=\"https:\/\/daemlaja.cl\/wp\/wp-content\/uploads\/2017\/06\/Festival-de-la-Voz130-1-150x150.jpg\" class=\"attachment-thumbnail size-thumbnail\" alt=\"\" srcset=\"https:\/\/daemlaja.cl\/wp\/wp-content\/uploads\/2017\/06\/Festival-de-la-Voz130-1-150x150.jpg 150w, https:\/\/daemlaja.cl\/wp\/wp-content\/uploads\/2017\/06\/Festival-de-la-Voz130-1-70x70.jpg 70w\" sizes=\"auto, (max-width: 150px) 100vw, 150px\" \/><\/a>\n\t\t\t<\/div><\/figure><figure class='gallery-item'>\n\t\t\t<div class='gallery-icon landscape'>\n\t\t\t\t<a href='https:\/\/daemlaja.cl\/wp\/wp-content\/uploads\/2017\/06\/Festival-de-la-Voz131-1.jpg'><img loading=\"lazy\" decoding=\"async\" width=\"150\" height=\"150\" src=\"https:\/\/daemlaja.cl\/wp\/wp-content\/uploads\/2017\/06\/Festival-de-la-Voz131-1-150x150.jpg\" class=\"attachment-thumbnail size-thumbnail\" alt=\"\" srcset=\"https:\/\/daemlaja.cl\/wp\/wp-content\/uploads\/2017\/06\/Festival-de-la-Voz131-1-150x150.jpg 150w, https:\/\/daemlaja.cl\/wp\/wp-content\/uploads\/2017\/06\/Festival-de-la-Voz131-1-70x70.jpg 70w\" sizes=\"auto, (max-width: 150px) 100vw, 150px\" \/><\/a>\n\t\t\t<\/div><\/figure><figure class='gallery-item'>\n\t\t\t<div class='gallery-icon landscape'>\n\t\t\t\t<a href='https:\/\/daemlaja.cl\/wp\/wp-content\/uploads\/2017\/06\/Festival-de-la-Voz132-1.jpg'><img loading=\"lazy\" decoding=\"async\" width=\"150\" height=\"150\" src=\"https:\/\/daemlaja.cl\/wp\/wp-content\/uploads\/2017\/06\/Festival-de-la-Voz132-1-150x150.jpg\" class=\"attachment-thumbnail size-thumbnail\" alt=\"\" srcset=\"https:\/\/daemlaja.cl\/wp\/wp-content\/uploads\/2017\/06\/Festival-de-la-Voz132-1-150x150.jpg 150w, https:\/\/daemlaja.cl\/wp\/wp-content\/uploads\/2017\/06\/Festival-de-la-Voz132-1-70x70.jpg 70w\" sizes=\"auto, (max-width: 150px) 100vw, 150px\" \/><\/a>\n\t\t\t<\/div><\/figure><figure class='gallery-item'>\n\t\t\t<div class='gallery-icon landscape'>\n\t\t\t\t<a href='https:\/\/daemlaja.cl\/wp\/wp-content\/uploads\/2017\/06\/Festival-de-la-Voz133-1.jpg'><img loading=\"lazy\" decoding=\"async\" width=\"150\" height=\"150\" src=\"https:\/\/daemlaja.cl\/wp\/wp-content\/uploads\/2017\/06\/Festival-de-la-Voz133-1-150x150.jpg\" class=\"attachment-thumbnail size-thumbnail\" alt=\"\" srcset=\"https:\/\/daemlaja.cl\/wp\/wp-content\/uploads\/2017\/06\/Festival-de-la-Voz133-1-150x150.jpg 150w, https:\/\/daemlaja.cl\/wp\/wp-content\/uploads\/2017\/06\/Festival-de-la-Voz133-1-70x70.jpg 70w\" sizes=\"auto, (max-width: 150px) 100vw, 150px\" \/><\/a>\n\t\t\t<\/div><\/figure><figure class='gallery-item'>\n\t\t\t<div class='gallery-icon landscape'>\n\t\t\t\t<a href='https:\/\/daemlaja.cl\/wp\/wp-content\/uploads\/2017\/06\/Festival-de-la-Voz134-1.jpg'><img loading=\"lazy\" decoding=\"async\" width=\"150\" height=\"150\" src=\"https:\/\/daemlaja.cl\/wp\/wp-content\/uploads\/2017\/06\/Festival-de-la-Voz134-1-150x150.jpg\" class=\"attachment-thumbnail size-thumbnail\" alt=\"\" srcset=\"https:\/\/daemlaja.cl\/wp\/wp-content\/uploads\/2017\/06\/Festival-de-la-Voz134-1-150x150.jpg 150w, https:\/\/daemlaja.cl\/wp\/wp-content\/uploads\/2017\/06\/Festival-de-la-Voz134-1-70x70.jpg 70w\" sizes=\"auto, (max-width: 150px) 100vw, 150px\" \/><\/a>\n\t\t\t<\/div><\/figure><figure class='gallery-item'>\n\t\t\t<div class='gallery-icon portrait'>\n\t\t\t\t<a href='https:\/\/daemlaja.cl\/wp\/wp-content\/uploads\/2017\/06\/Festival-de-la-Voz135-1.jpg'><img loading=\"lazy\" decoding=\"async\" width=\"150\" height=\"150\" src=\"https:\/\/daemlaja.cl\/wp\/wp-content\/uploads\/2017\/06\/Festival-de-la-Voz135-1-150x150.jpg\" class=\"attachment-thumbnail size-thumbnail\" alt=\"\" srcset=\"https:\/\/daemlaja.cl\/wp\/wp-content\/uploads\/2017\/06\/Festival-de-la-Voz135-1-150x150.jpg 150w, https:\/\/daemlaja.cl\/wp\/wp-content\/uploads\/2017\/06\/Festival-de-la-Voz135-1-70x70.jpg 70w\" sizes=\"auto, (max-width: 150px) 100vw, 150px\" \/><\/a>\n\t\t\t<\/div><\/figure><figure class='gallery-item'>\n\t\t\t<div class='gallery-icon landscape'>\n\t\t\t\t<a href='https:\/\/daemlaja.cl\/wp\/wp-content\/uploads\/2017\/06\/Festival-de-la-Voz136-1.jpg'><img loading=\"lazy\" decoding=\"async\" width=\"150\" height=\"150\" src=\"https:\/\/daemlaja.cl\/wp\/wp-content\/uploads\/2017\/06\/Festival-de-la-Voz136-1-150x150.jpg\" class=\"attachment-thumbnail size-thumbnail\" alt=\"\" srcset=\"https:\/\/daemlaja.cl\/wp\/wp-content\/uploads\/2017\/06\/Festival-de-la-Voz136-1-150x150.jpg 150w, https:\/\/daemlaja.cl\/wp\/wp-content\/uploads\/2017\/06\/Festival-de-la-Voz136-1-70x70.jpg 70w\" sizes=\"auto, (max-width: 150px) 100vw, 150px\" \/><\/a>\n\t\t\t<\/div><\/figure><figure class='gallery-item'>\n\t\t\t<div class='gallery-icon landscape'>\n\t\t\t\t<a href='https:\/\/daemlaja.cl\/wp\/wp-content\/uploads\/2017\/06\/Festival-de-la-Voz137-1.jpg'><img loading=\"lazy\" decoding=\"async\" width=\"150\" height=\"150\" src=\"https:\/\/daemlaja.cl\/wp\/wp-content\/uploads\/2017\/06\/Festival-de-la-Voz137-1-150x150.jpg\" class=\"attachment-thumbnail size-thumbnail\" alt=\"\" srcset=\"https:\/\/daemlaja.cl\/wp\/wp-content\/uploads\/2017\/06\/Festival-de-la-Voz137-1-150x150.jpg 150w, https:\/\/daemlaja.cl\/wp\/wp-content\/uploads\/2017\/06\/Festival-de-la-Voz137-1-70x70.jpg 70w\" sizes=\"auto, (max-width: 150px) 100vw, 150px\" \/><\/a>\n\t\t\t<\/div><\/figure><figure class='gallery-item'>\n\t\t\t<div class='gallery-icon portrait'>\n\t\t\t\t<a href='https:\/\/daemlaja.cl\/wp\/wp-content\/uploads\/2017\/06\/Festival-de-la-Voz138.jpg'><img loading=\"lazy\" decoding=\"async\" width=\"150\" height=\"150\" src=\"https:\/\/daemlaja.cl\/wp\/wp-content\/uploads\/2017\/06\/Festival-de-la-Voz138-150x150.jpg\" class=\"attachment-thumbnail size-thumbnail\" alt=\"\" srcset=\"https:\/\/daemlaja.cl\/wp\/wp-content\/uploads\/2017\/06\/Festival-de-la-Voz138-150x150.jpg 150w, https:\/\/daemlaja.cl\/wp\/wp-content\/uploads\/2017\/06\/Festival-de-la-Voz138-70x70.jpg 70w\" sizes=\"auto, (max-width: 150px) 100vw, 150px\" \/><\/a>\n\t\t\t<\/div><\/figure><figure class='gallery-item'>\n\t\t\t<div class='gallery-icon landscape'>\n\t\t\t\t<a href='https:\/\/daemlaja.cl\/wp\/wp-content\/uploads\/2017\/06\/Festival-de-la-Voz139.jpg'><img loading=\"lazy\" decoding=\"async\" width=\"150\" height=\"150\" src=\"https:\/\/daemlaja.cl\/wp\/wp-content\/uploads\/2017\/06\/Festival-de-la-Voz139-150x150.jpg\" class=\"attachment-thumbnail size-thumbnail\" alt=\"\" srcset=\"https:\/\/daemlaja.cl\/wp\/wp-content\/uploads\/2017\/06\/Festival-de-la-Voz139-150x150.jpg 150w, https:\/\/daemlaja.cl\/wp\/wp-content\/uploads\/2017\/06\/Festival-de-la-Voz139-70x70.jpg 70w\" sizes=\"auto, (max-width: 150px) 100vw, 150px\" \/><\/a>\n\t\t\t<\/div><\/figure><figure class='gallery-item'>\n\t\t\t<div class='gallery-icon landscape'>\n\t\t\t\t<a href='https:\/\/daemlaja.cl\/wp\/wp-content\/uploads\/2017\/06\/Festival-de-la-Voz140-1.jpg'><img loading=\"lazy\" decoding=\"async\" width=\"150\" height=\"150\" src=\"https:\/\/daemlaja.cl\/wp\/wp-content\/uploads\/2017\/06\/Festival-de-la-Voz140-1-150x150.jpg\" class=\"attachment-thumbnail size-thumbnail\" alt=\"\" srcset=\"https:\/\/daemlaja.cl\/wp\/wp-content\/uploads\/2017\/06\/Festival-de-la-Voz140-1-150x150.jpg 150w, https:\/\/daemlaja.cl\/wp\/wp-content\/uploads\/2017\/06\/Festival-de-la-Voz140-1-70x70.jpg 70w\" sizes=\"auto, (max-width: 150px) 100vw, 150px\" \/><\/a>\n\t\t\t<\/div><\/figure><figure class='gallery-item'>\n\t\t\t<div class='gallery-icon portrait'>\n\t\t\t\t<a href='https:\/\/daemlaja.cl\/wp\/wp-content\/uploads\/2017\/06\/Festival-de-la-Voz141.jpg'><img loading=\"lazy\" decoding=\"async\" width=\"150\" height=\"150\" src=\"https:\/\/daemlaja.cl\/wp\/wp-content\/uploads\/2017\/06\/Festival-de-la-Voz141-150x150.jpg\" class=\"attachment-thumbnail size-thumbnail\" alt=\"\" srcset=\"https:\/\/daemlaja.cl\/wp\/wp-content\/uploads\/2017\/06\/Festival-de-la-Voz141-150x150.jpg 150w, https:\/\/daemlaja.cl\/wp\/wp-content\/uploads\/2017\/06\/Festival-de-la-Voz141-70x70.jpg 70w\" sizes=\"auto, (max-width: 150px) 100vw, 150px\" \/><\/a>\n\t\t\t<\/div><\/figure><figure class='gallery-item'>\n\t\t\t<div class='gallery-icon landscape'>\n\t\t\t\t<a href='https:\/\/daemlaja.cl\/wp\/wp-content\/uploads\/2017\/06\/Festival-de-la-Voz142-1.jpg'><img loading=\"lazy\" decoding=\"async\" width=\"150\" height=\"150\" src=\"https:\/\/daemlaja.cl\/wp\/wp-content\/uploads\/2017\/06\/Festival-de-la-Voz142-1-150x150.jpg\" class=\"attachment-thumbnail size-thumbnail\" alt=\"\" srcset=\"https:\/\/daemlaja.cl\/wp\/wp-content\/uploads\/2017\/06\/Festival-de-la-Voz142-1-150x150.jpg 150w, https:\/\/daemlaja.cl\/wp\/wp-content\/uploads\/2017\/06\/Festival-de-la-Voz142-1-70x70.jpg 70w\" sizes=\"auto, (max-width: 150px) 100vw, 150px\" \/><\/a>\n\t\t\t<\/div><\/figure><figure class='gallery-item'>\n\t\t\t<div class='gallery-icon landscape'>\n\t\t\t\t<a href='https:\/\/daemlaja.cl\/wp\/wp-content\/uploads\/2017\/06\/Festival-de-la-Voz143-1.jpg'><img loading=\"lazy\" decoding=\"async\" width=\"150\" height=\"150\" src=\"https:\/\/daemlaja.cl\/wp\/wp-content\/uploads\/2017\/06\/Festival-de-la-Voz143-1-150x150.jpg\" class=\"attachment-thumbnail size-thumbnail\" alt=\"\" srcset=\"https:\/\/daemlaja.cl\/wp\/wp-content\/uploads\/2017\/06\/Festival-de-la-Voz143-1-150x150.jpg 150w, https:\/\/daemlaja.cl\/wp\/wp-content\/uploads\/2017\/06\/Festival-de-la-Voz143-1-70x70.jpg 70w\" sizes=\"auto, (max-width: 150px) 100vw, 150px\" \/><\/a>\n\t\t\t<\/div><\/figure><figure class='gallery-item'>\n\t\t\t<div class='gallery-icon landscape'>\n\t\t\t\t<a href='https:\/\/daemlaja.cl\/wp\/wp-content\/uploads\/2017\/06\/Festival-de-la-Voz144-1.jpg'><img loading=\"lazy\" decoding=\"async\" width=\"150\" height=\"150\" src=\"https:\/\/daemlaja.cl\/wp\/wp-content\/uploads\/2017\/06\/Festival-de-la-Voz144-1-150x150.jpg\" class=\"attachment-thumbnail size-thumbnail\" alt=\"\" srcset=\"https:\/\/daemlaja.cl\/wp\/wp-content\/uploads\/2017\/06\/Festival-de-la-Voz144-1-150x150.jpg 150w, https:\/\/daemlaja.cl\/wp\/wp-content\/uploads\/2017\/06\/Festival-de-la-Voz144-1-70x70.jpg 70w\" sizes=\"auto, (max-width: 150px) 100vw, 150px\" \/><\/a>\n\t\t\t<\/div><\/figure><figure class='gallery-item'>\n\t\t\t<div class='gallery-icon landscape'>\n\t\t\t\t<a href='https:\/\/daemlaja.cl\/wp\/wp-content\/uploads\/2017\/06\/Festival-de-la-Voz145-1.jpg'><img loading=\"lazy\" decoding=\"async\" width=\"150\" height=\"150\" src=\"https:\/\/daemlaja.cl\/wp\/wp-content\/uploads\/2017\/06\/Festival-de-la-Voz145-1-150x150.jpg\" class=\"attachment-thumbnail size-thumbnail\" alt=\"\" srcset=\"https:\/\/daemlaja.cl\/wp\/wp-content\/uploads\/2017\/06\/Festival-de-la-Voz145-1-150x150.jpg 150w, https:\/\/daemlaja.cl\/wp\/wp-content\/uploads\/2017\/06\/Festival-de-la-Voz145-1-70x70.jpg 70w\" sizes=\"auto, (max-width: 150px) 100vw, 150px\" \/><\/a>\n\t\t\t<\/div><\/figure><figure class='gallery-item'>\n\t\t\t<div class='gallery-icon landscape'>\n\t\t\t\t<a href='https:\/\/daemlaja.cl\/wp\/wp-content\/uploads\/2017\/06\/Festival-de-la-Voz146-1.jpg'><img loading=\"lazy\" decoding=\"async\" width=\"150\" height=\"150\" src=\"https:\/\/daemlaja.cl\/wp\/wp-content\/uploads\/2017\/06\/Festival-de-la-Voz146-1-150x150.jpg\" class=\"attachment-thumbnail size-thumbnail\" alt=\"\" srcset=\"https:\/\/daemlaja.cl\/wp\/wp-content\/uploads\/2017\/06\/Festival-de-la-Voz146-1-150x150.jpg 150w, https:\/\/daemlaja.cl\/wp\/wp-content\/uploads\/2017\/06\/Festival-de-la-Voz146-1-70x70.jpg 70w\" sizes=\"auto, (max-width: 150px) 100vw, 150px\" \/><\/a>\n\t\t\t<\/div><\/figure><figure class='gallery-item'>\n\t\t\t<div class='gallery-icon landscape'>\n\t\t\t\t<a href='https:\/\/daemlaja.cl\/wp\/wp-content\/uploads\/2017\/06\/Festival-de-la-Voz147-1.jpg'><img loading=\"lazy\" decoding=\"async\" width=\"150\" height=\"150\" src=\"https:\/\/daemlaja.cl\/wp\/wp-content\/uploads\/2017\/06\/Festival-de-la-Voz147-1-150x150.jpg\" class=\"attachment-thumbnail size-thumbnail\" alt=\"\" srcset=\"https:\/\/daemlaja.cl\/wp\/wp-content\/uploads\/2017\/06\/Festival-de-la-Voz147-1-150x150.jpg 150w, https:\/\/daemlaja.cl\/wp\/wp-content\/uploads\/2017\/06\/Festival-de-la-Voz147-1-70x70.jpg 70w\" sizes=\"auto, (max-width: 150px) 100vw, 150px\" \/><\/a>\n\t\t\t<\/div><\/figure><figure class='gallery-item'>\n\t\t\t<div class='gallery-icon landscape'>\n\t\t\t\t<a href='https:\/\/daemlaja.cl\/wp\/wp-content\/uploads\/2017\/06\/Festival-de-la-Voz148-1.jpg'><img loading=\"lazy\" decoding=\"async\" width=\"150\" height=\"150\" src=\"https:\/\/daemlaja.cl\/wp\/wp-content\/uploads\/2017\/06\/Festival-de-la-Voz148-1-150x150.jpg\" class=\"attachment-thumbnail size-thumbnail\" alt=\"\" srcset=\"https:\/\/daemlaja.cl\/wp\/wp-content\/uploads\/2017\/06\/Festival-de-la-Voz148-1-150x150.jpg 150w, https:\/\/daemlaja.cl\/wp\/wp-content\/uploads\/2017\/06\/Festival-de-la-Voz148-1-70x70.jpg 70w\" sizes=\"auto, (max-width: 150px) 100vw, 150px\" \/><\/a>\n\t\t\t<\/div><\/figure><figure class='gallery-item'>\n\t\t\t<div class='gallery-icon landscape'>\n\t\t\t\t<a href='https:\/\/daemlaja.cl\/wp\/wp-content\/uploads\/2017\/06\/Festival-de-la-Voz149-1.jpg'><img loading=\"lazy\" decoding=\"async\" width=\"150\" height=\"150\" src=\"https:\/\/daemlaja.cl\/wp\/wp-content\/uploads\/2017\/06\/Festival-de-la-Voz149-1-150x150.jpg\" class=\"attachment-thumbnail size-thumbnail\" alt=\"\" srcset=\"https:\/\/daemlaja.cl\/wp\/wp-content\/uploads\/2017\/06\/Festival-de-la-Voz149-1-150x150.jpg 150w, https:\/\/daemlaja.cl\/wp\/wp-content\/uploads\/2017\/06\/Festival-de-la-Voz149-1-70x70.jpg 70w\" sizes=\"auto, (max-width: 150px) 100vw, 150px\" \/><\/a>\n\t\t\t<\/div><\/figure><figure class='gallery-item'>\n\t\t\t<div class='gallery-icon landscape'>\n\t\t\t\t<a href='https:\/\/daemlaja.cl\/wp\/wp-content\/uploads\/2017\/06\/Festival-de-la-Voz150-1.jpg'><img loading=\"lazy\" decoding=\"async\" width=\"150\" height=\"150\" src=\"https:\/\/daemlaja.cl\/wp\/wp-content\/uploads\/2017\/06\/Festival-de-la-Voz150-1-150x150.jpg\" class=\"attachment-thumbnail size-thumbnail\" alt=\"\" srcset=\"https:\/\/daemlaja.cl\/wp\/wp-content\/uploads\/2017\/06\/Festival-de-la-Voz150-1-150x150.jpg 150w, https:\/\/daemlaja.cl\/wp\/wp-content\/uploads\/2017\/06\/Festival-de-la-Voz150-1-70x70.jpg 70w\" sizes=\"auto, (max-width: 150px) 100vw, 150px\" \/><\/a>\n\t\t\t<\/div><\/figure><figure class='gallery-item'>\n\t\t\t<div class='gallery-icon landscape'>\n\t\t\t\t<a href='https:\/\/daemlaja.cl\/wp\/wp-content\/uploads\/2017\/06\/Festival-de-la-Voz151-1.jpg'><img loading=\"lazy\" decoding=\"async\" width=\"150\" height=\"150\" src=\"https:\/\/daemlaja.cl\/wp\/wp-content\/uploads\/2017\/06\/Festival-de-la-Voz151-1-150x150.jpg\" class=\"attachment-thumbnail size-thumbnail\" alt=\"\" srcset=\"https:\/\/daemlaja.cl\/wp\/wp-content\/uploads\/2017\/06\/Festival-de-la-Voz151-1-150x150.jpg 150w, https:\/\/daemlaja.cl\/wp\/wp-content\/uploads\/2017\/06\/Festival-de-la-Voz151-1-70x70.jpg 70w\" sizes=\"auto, (max-width: 150px) 100vw, 150px\" \/><\/a>\n\t\t\t<\/div><\/figure><figure class='gallery-item'>\n\t\t\t<div class='gallery-icon landscape'>\n\t\t\t\t<a href='https:\/\/daemlaja.cl\/wp\/wp-content\/uploads\/2017\/06\/Festival-de-la-Voz152-1.jpg'><img loading=\"lazy\" decoding=\"async\" width=\"150\" height=\"150\" src=\"https:\/\/daemlaja.cl\/wp\/wp-content\/uploads\/2017\/06\/Festival-de-la-Voz152-1-150x150.jpg\" class=\"attachment-thumbnail size-thumbnail\" alt=\"\" srcset=\"https:\/\/daemlaja.cl\/wp\/wp-content\/uploads\/2017\/06\/Festival-de-la-Voz152-1-150x150.jpg 150w, https:\/\/daemlaja.cl\/wp\/wp-content\/uploads\/2017\/06\/Festival-de-la-Voz152-1-70x70.jpg 70w\" sizes=\"auto, (max-width: 150px) 100vw, 150px\" \/><\/a>\n\t\t\t<\/div><\/figure><figure class='gallery-item'>\n\t\t\t<div class='gallery-icon landscape'>\n\t\t\t\t<a href='https:\/\/daemlaja.cl\/wp\/wp-content\/uploads\/2017\/06\/Festival-de-la-Voz153-1.jpg'><img loading=\"lazy\" decoding=\"async\" width=\"150\" height=\"150\" src=\"https:\/\/daemlaja.cl\/wp\/wp-content\/uploads\/2017\/06\/Festival-de-la-Voz153-1-150x150.jpg\" class=\"attachment-thumbnail size-thumbnail\" alt=\"\" srcset=\"https:\/\/daemlaja.cl\/wp\/wp-content\/uploads\/2017\/06\/Festival-de-la-Voz153-1-150x150.jpg 150w, https:\/\/daemlaja.cl\/wp\/wp-content\/uploads\/2017\/06\/Festival-de-la-Voz153-1-70x70.jpg 70w\" sizes=\"auto, (max-width: 150px) 100vw, 150px\" \/><\/a>\n\t\t\t<\/div><\/figure><figure class='gallery-item'>\n\t\t\t<div class='gallery-icon landscape'>\n\t\t\t\t<a href='https:\/\/daemlaja.cl\/wp\/wp-content\/uploads\/2017\/06\/Festival-de-la-Voz154-1.jpg'><img loading=\"lazy\" decoding=\"async\" width=\"150\" height=\"150\" src=\"https:\/\/daemlaja.cl\/wp\/wp-content\/uploads\/2017\/06\/Festival-de-la-Voz154-1-150x150.jpg\" class=\"attachment-thumbnail size-thumbnail\" alt=\"\" srcset=\"https:\/\/daemlaja.cl\/wp\/wp-content\/uploads\/2017\/06\/Festival-de-la-Voz154-1-150x150.jpg 150w, https:\/\/daemlaja.cl\/wp\/wp-content\/uploads\/2017\/06\/Festival-de-la-Voz154-1-70x70.jpg 70w\" sizes=\"auto, (max-width: 150px) 100vw, 150px\" \/><\/a>\n\t\t\t<\/div><\/figure><figure class='gallery-item'>\n\t\t\t<div class='gallery-icon landscape'>\n\t\t\t\t<a href='https:\/\/daemlaja.cl\/wp\/wp-content\/uploads\/2017\/06\/Festival-de-la-Voz155.jpg'><img loading=\"lazy\" decoding=\"async\" width=\"150\" height=\"150\" src=\"https:\/\/daemlaja.cl\/wp\/wp-content\/uploads\/2017\/06\/Festival-de-la-Voz155-150x150.jpg\" class=\"attachment-thumbnail size-thumbnail\" alt=\"\" srcset=\"https:\/\/daemlaja.cl\/wp\/wp-content\/uploads\/2017\/06\/Festival-de-la-Voz155-150x150.jpg 150w, https:\/\/daemlaja.cl\/wp\/wp-content\/uploads\/2017\/06\/Festival-de-la-Voz155-70x70.jpg 70w\" sizes=\"auto, (max-width: 150px) 100vw, 150px\" \/><\/a>\n\t\t\t<\/div><\/figure><figure class='gallery-item'>\n\t\t\t<div class='gallery-icon landscape'>\n\t\t\t\t<a href='https:\/\/daemlaja.cl\/wp\/wp-content\/uploads\/2017\/06\/Festival-de-la-Voz156-1.jpg'><img loading=\"lazy\" decoding=\"async\" width=\"150\" height=\"150\" src=\"https:\/\/daemlaja.cl\/wp\/wp-content\/uploads\/2017\/06\/Festival-de-la-Voz156-1-150x150.jpg\" class=\"attachment-thumbnail size-thumbnail\" alt=\"\" srcset=\"https:\/\/daemlaja.cl\/wp\/wp-content\/uploads\/2017\/06\/Festival-de-la-Voz156-1-150x150.jpg 150w, https:\/\/daemlaja.cl\/wp\/wp-content\/uploads\/2017\/06\/Festival-de-la-Voz156-1-70x70.jpg 70w\" sizes=\"auto, (max-width: 150px) 100vw, 150px\" \/><\/a>\n\t\t\t<\/div><\/figure><figure class='gallery-item'>\n\t\t\t<div class='gallery-icon portrait'>\n\t\t\t\t<a href='https:\/\/daemlaja.cl\/wp\/wp-content\/uploads\/2017\/06\/Festival-de-la-Voz157-1.jpg'><img loading=\"lazy\" decoding=\"async\" width=\"150\" height=\"150\" src=\"https:\/\/daemlaja.cl\/wp\/wp-content\/uploads\/2017\/06\/Festival-de-la-Voz157-1-150x150.jpg\" class=\"attachment-thumbnail size-thumbnail\" alt=\"\" srcset=\"https:\/\/daemlaja.cl\/wp\/wp-content\/uploads\/2017\/06\/Festival-de-la-Voz157-1-150x150.jpg 150w, https:\/\/daemlaja.cl\/wp\/wp-content\/uploads\/2017\/06\/Festival-de-la-Voz157-1-70x70.jpg 70w\" sizes=\"auto, (max-width: 150px) 100vw, 150px\" \/><\/a>\n\t\t\t<\/div><\/figure><figure class='gallery-item'>\n\t\t\t<div class='gallery-icon portrait'>\n\t\t\t\t<a href='https:\/\/daemlaja.cl\/wp\/wp-content\/uploads\/2017\/06\/Festival-de-la-Voz158.jpg'><img loading=\"lazy\" decoding=\"async\" width=\"150\" height=\"150\" src=\"https:\/\/daemlaja.cl\/wp\/wp-content\/uploads\/2017\/06\/Festival-de-la-Voz158-150x150.jpg\" class=\"attachment-thumbnail size-thumbnail\" alt=\"\" srcset=\"https:\/\/daemlaja.cl\/wp\/wp-content\/uploads\/2017\/06\/Festival-de-la-Voz158-150x150.jpg 150w, https:\/\/daemlaja.cl\/wp\/wp-content\/uploads\/2017\/06\/Festival-de-la-Voz158-70x70.jpg 70w\" sizes=\"auto, (max-width: 150px) 100vw, 150px\" \/><\/a>\n\t\t\t<\/div><\/figure><figure class='gallery-item'>\n\t\t\t<div class='gallery-icon landscape'>\n\t\t\t\t<a href='https:\/\/daemlaja.cl\/wp\/wp-content\/uploads\/2017\/06\/Festival-de-la-Voz159-1.jpg'><img loading=\"lazy\" decoding=\"async\" width=\"150\" height=\"150\" src=\"https:\/\/daemlaja.cl\/wp\/wp-content\/uploads\/2017\/06\/Festival-de-la-Voz159-1-150x150.jpg\" class=\"attachment-thumbnail size-thumbnail\" alt=\"\" srcset=\"https:\/\/daemlaja.cl\/wp\/wp-content\/uploads\/2017\/06\/Festival-de-la-Voz159-1-150x150.jpg 150w, https:\/\/daemlaja.cl\/wp\/wp-content\/uploads\/2017\/06\/Festival-de-la-Voz159-1-70x70.jpg 70w\" sizes=\"auto, (max-width: 150px) 100vw, 150px\" \/><\/a>\n\t\t\t<\/div><\/figure><figure class='gallery-item'>\n\t\t\t<div class='gallery-icon landscape'>\n\t\t\t\t<a href='https:\/\/daemlaja.cl\/wp\/wp-content\/uploads\/2017\/06\/Festival-de-la-Voz160.jpg'><img loading=\"lazy\" decoding=\"async\" width=\"150\" height=\"150\" src=\"https:\/\/daemlaja.cl\/wp\/wp-content\/uploads\/2017\/06\/Festival-de-la-Voz160-150x150.jpg\" class=\"attachment-thumbnail size-thumbnail\" alt=\"\" srcset=\"https:\/\/daemlaja.cl\/wp\/wp-content\/uploads\/2017\/06\/Festival-de-la-Voz160-150x150.jpg 150w, https:\/\/daemlaja.cl\/wp\/wp-content\/uploads\/2017\/06\/Festival-de-la-Voz160-70x70.jpg 70w\" sizes=\"auto, (max-width: 150px) 100vw, 150px\" \/><\/a>\n\t\t\t<\/div><\/figure><figure class='gallery-item'>\n\t\t\t<div class='gallery-icon landscape'>\n\t\t\t\t<a href='https:\/\/daemlaja.cl\/wp\/wp-content\/uploads\/2017\/06\/Festival-de-la-Voz161.jpg'><img loading=\"lazy\" decoding=\"async\" width=\"150\" height=\"150\" src=\"https:\/\/daemlaja.cl\/wp\/wp-content\/uploads\/2017\/06\/Festival-de-la-Voz161-150x150.jpg\" class=\"attachment-thumbnail size-thumbnail\" alt=\"\" srcset=\"https:\/\/daemlaja.cl\/wp\/wp-content\/uploads\/2017\/06\/Festival-de-la-Voz161-150x150.jpg 150w, https:\/\/daemlaja.cl\/wp\/wp-content\/uploads\/2017\/06\/Festival-de-la-Voz161-70x70.jpg 70w\" sizes=\"auto, (max-width: 150px) 100vw, 150px\" \/><\/a>\n\t\t\t<\/div><\/figure><figure class='gallery-item'>\n\t\t\t<div class='gallery-icon landscape'>\n\t\t\t\t<a href='https:\/\/daemlaja.cl\/wp\/wp-content\/uploads\/2017\/06\/Festival-de-la-Voz162.jpg'><img loading=\"lazy\" decoding=\"async\" width=\"150\" height=\"150\" src=\"https:\/\/daemlaja.cl\/wp\/wp-content\/uploads\/2017\/06\/Festival-de-la-Voz162-150x150.jpg\" class=\"attachment-thumbnail size-thumbnail\" alt=\"\" srcset=\"https:\/\/daemlaja.cl\/wp\/wp-content\/uploads\/2017\/06\/Festival-de-la-Voz162-150x150.jpg 150w, https:\/\/daemlaja.cl\/wp\/wp-content\/uploads\/2017\/06\/Festival-de-la-Voz162-70x70.jpg 70w\" sizes=\"auto, (max-width: 150px) 100vw, 150px\" \/><\/a>\n\t\t\t<\/div><\/figure><figure class='gallery-item'>\n\t\t\t<div class='gallery-icon landscape'>\n\t\t\t\t<a href='https:\/\/daemlaja.cl\/wp\/wp-content\/uploads\/2017\/06\/Festival-de-la-Voz163-1.jpg'><img loading=\"lazy\" decoding=\"async\" width=\"150\" height=\"150\" src=\"https:\/\/daemlaja.cl\/wp\/wp-content\/uploads\/2017\/06\/Festival-de-la-Voz163-1-150x150.jpg\" class=\"attachment-thumbnail size-thumbnail\" alt=\"\" srcset=\"https:\/\/daemlaja.cl\/wp\/wp-content\/uploads\/2017\/06\/Festival-de-la-Voz163-1-150x150.jpg 150w, https:\/\/daemlaja.cl\/wp\/wp-content\/uploads\/2017\/06\/Festival-de-la-Voz163-1-70x70.jpg 70w\" sizes=\"auto, (max-width: 150px) 100vw, 150px\" \/><\/a>\n\t\t\t<\/div><\/figure><figure class='gallery-item'>\n\t\t\t<div class='gallery-icon landscape'>\n\t\t\t\t<a href='https:\/\/daemlaja.cl\/wp\/wp-content\/uploads\/2017\/06\/Festival-de-la-Voz164-1.jpg'><img loading=\"lazy\" decoding=\"async\" width=\"150\" height=\"150\" src=\"https:\/\/daemlaja.cl\/wp\/wp-content\/uploads\/2017\/06\/Festival-de-la-Voz164-1-150x150.jpg\" class=\"attachment-thumbnail size-thumbnail\" alt=\"\" srcset=\"https:\/\/daemlaja.cl\/wp\/wp-content\/uploads\/2017\/06\/Festival-de-la-Voz164-1-150x150.jpg 150w, https:\/\/daemlaja.cl\/wp\/wp-content\/uploads\/2017\/06\/Festival-de-la-Voz164-1-70x70.jpg 70w\" sizes=\"auto, (max-width: 150px) 100vw, 150px\" \/><\/a>\n\t\t\t<\/div><\/figure><figure class='gallery-item'>\n\t\t\t<div class='gallery-icon landscape'>\n\t\t\t\t<a href='https:\/\/daemlaja.cl\/wp\/wp-content\/uploads\/2017\/06\/Festival-de-la-Voz165-1.jpg'><img loading=\"lazy\" decoding=\"async\" width=\"150\" height=\"150\" src=\"https:\/\/daemlaja.cl\/wp\/wp-content\/uploads\/2017\/06\/Festival-de-la-Voz165-1-150x150.jpg\" class=\"attachment-thumbnail size-thumbnail\" alt=\"\" srcset=\"https:\/\/daemlaja.cl\/wp\/wp-content\/uploads\/2017\/06\/Festival-de-la-Voz165-1-150x150.jpg 150w, https:\/\/daemlaja.cl\/wp\/wp-content\/uploads\/2017\/06\/Festival-de-la-Voz165-1-70x70.jpg 70w\" sizes=\"auto, (max-width: 150px) 100vw, 150px\" \/><\/a>\n\t\t\t<\/div><\/figure><figure class='gallery-item'>\n\t\t\t<div class='gallery-icon landscape'>\n\t\t\t\t<a href='https:\/\/daemlaja.cl\/wp\/wp-content\/uploads\/2017\/06\/Festival-de-la-Voz166-1.jpg'><img loading=\"lazy\" decoding=\"async\" width=\"150\" height=\"150\" src=\"https:\/\/daemlaja.cl\/wp\/wp-content\/uploads\/2017\/06\/Festival-de-la-Voz166-1-150x150.jpg\" class=\"attachment-thumbnail size-thumbnail\" alt=\"\" srcset=\"https:\/\/daemlaja.cl\/wp\/wp-content\/uploads\/2017\/06\/Festival-de-la-Voz166-1-150x150.jpg 150w, https:\/\/daemlaja.cl\/wp\/wp-content\/uploads\/2017\/06\/Festival-de-la-Voz166-1-70x70.jpg 70w\" sizes=\"auto, (max-width: 150px) 100vw, 150px\" \/><\/a>\n\t\t\t<\/div><\/figure><figure class='gallery-item'>\n\t\t\t<div class='gallery-icon portrait'>\n\t\t\t\t<a href='https:\/\/daemlaja.cl\/wp\/wp-content\/uploads\/2017\/06\/Festival-de-la-Voz167-1.jpg'><img loading=\"lazy\" decoding=\"async\" width=\"150\" height=\"150\" src=\"https:\/\/daemlaja.cl\/wp\/wp-content\/uploads\/2017\/06\/Festival-de-la-Voz167-1-150x150.jpg\" class=\"attachment-thumbnail size-thumbnail\" alt=\"\" srcset=\"https:\/\/daemlaja.cl\/wp\/wp-content\/uploads\/2017\/06\/Festival-de-la-Voz167-1-150x150.jpg 150w, https:\/\/daemlaja.cl\/wp\/wp-content\/uploads\/2017\/06\/Festival-de-la-Voz167-1-70x70.jpg 70w\" sizes=\"auto, (max-width: 150px) 100vw, 150px\" \/><\/a>\n\t\t\t<\/div><\/figure><figure class='gallery-item'>\n\t\t\t<div class='gallery-icon landscape'>\n\t\t\t\t<a href='https:\/\/daemlaja.cl\/wp\/wp-content\/uploads\/2017\/06\/Festival-de-la-Voz168-1.jpg'><img loading=\"lazy\" decoding=\"async\" width=\"150\" height=\"150\" src=\"https:\/\/daemlaja.cl\/wp\/wp-content\/uploads\/2017\/06\/Festival-de-la-Voz168-1-150x150.jpg\" class=\"attachment-thumbnail size-thumbnail\" alt=\"\" srcset=\"https:\/\/daemlaja.cl\/wp\/wp-content\/uploads\/2017\/06\/Festival-de-la-Voz168-1-150x150.jpg 150w, https:\/\/daemlaja.cl\/wp\/wp-content\/uploads\/2017\/06\/Festival-de-la-Voz168-1-70x70.jpg 70w\" sizes=\"auto, (max-width: 150px) 100vw, 150px\" \/><\/a>\n\t\t\t<\/div><\/figure><figure class='gallery-item'>\n\t\t\t<div class='gallery-icon landscape'>\n\t\t\t\t<a href='https:\/\/daemlaja.cl\/wp\/wp-content\/uploads\/2017\/06\/Festival-de-la-Voz169-1.jpg'><img loading=\"lazy\" decoding=\"async\" width=\"150\" height=\"150\" src=\"https:\/\/daemlaja.cl\/wp\/wp-content\/uploads\/2017\/06\/Festival-de-la-Voz169-1-150x150.jpg\" class=\"attachment-thumbnail size-thumbnail\" alt=\"\" srcset=\"https:\/\/daemlaja.cl\/wp\/wp-content\/uploads\/2017\/06\/Festival-de-la-Voz169-1-150x150.jpg 150w, https:\/\/daemlaja.cl\/wp\/wp-content\/uploads\/2017\/06\/Festival-de-la-Voz169-1-70x70.jpg 70w\" sizes=\"auto, (max-width: 150px) 100vw, 150px\" \/><\/a>\n\t\t\t<\/div><\/figure><figure class='gallery-item'>\n\t\t\t<div class='gallery-icon landscape'>\n\t\t\t\t<a href='https:\/\/daemlaja.cl\/wp\/wp-content\/uploads\/2017\/06\/Festival-de-la-Voz170-1.jpg'><img loading=\"lazy\" decoding=\"async\" width=\"150\" height=\"150\" src=\"https:\/\/daemlaja.cl\/wp\/wp-content\/uploads\/2017\/06\/Festival-de-la-Voz170-1-150x150.jpg\" class=\"attachment-thumbnail size-thumbnail\" alt=\"\" srcset=\"https:\/\/daemlaja.cl\/wp\/wp-content\/uploads\/2017\/06\/Festival-de-la-Voz170-1-150x150.jpg 150w, https:\/\/daemlaja.cl\/wp\/wp-content\/uploads\/2017\/06\/Festival-de-la-Voz170-1-70x70.jpg 70w\" sizes=\"auto, (max-width: 150px) 100vw, 150px\" \/><\/a>\n\t\t\t<\/div><\/figure><figure class='gallery-item'>\n\t\t\t<div class='gallery-icon landscape'>\n\t\t\t\t<a href='https:\/\/daemlaja.cl\/wp\/wp-content\/uploads\/2017\/06\/Festival-de-la-Voz171-1.jpg'><img loading=\"lazy\" decoding=\"async\" width=\"150\" height=\"150\" src=\"https:\/\/daemlaja.cl\/wp\/wp-content\/uploads\/2017\/06\/Festival-de-la-Voz171-1-150x150.jpg\" class=\"attachment-thumbnail size-thumbnail\" alt=\"\" srcset=\"https:\/\/daemlaja.cl\/wp\/wp-content\/uploads\/2017\/06\/Festival-de-la-Voz171-1-150x150.jpg 150w, https:\/\/daemlaja.cl\/wp\/wp-content\/uploads\/2017\/06\/Festival-de-la-Voz171-1-70x70.jpg 70w\" sizes=\"auto, (max-width: 150px) 100vw, 150px\" \/><\/a>\n\t\t\t<\/div><\/figure><figure class='gallery-item'>\n\t\t\t<div class='gallery-icon landscape'>\n\t\t\t\t<a href='https:\/\/daemlaja.cl\/wp\/wp-content\/uploads\/2017\/06\/Festival-de-la-Voz172-1.jpg'><img loading=\"lazy\" decoding=\"async\" width=\"150\" height=\"150\" src=\"https:\/\/daemlaja.cl\/wp\/wp-content\/uploads\/2017\/06\/Festival-de-la-Voz172-1-150x150.jpg\" class=\"attachment-thumbnail size-thumbnail\" alt=\"\" srcset=\"https:\/\/daemlaja.cl\/wp\/wp-content\/uploads\/2017\/06\/Festival-de-la-Voz172-1-150x150.jpg 150w, https:\/\/daemlaja.cl\/wp\/wp-content\/uploads\/2017\/06\/Festival-de-la-Voz172-1-70x70.jpg 70w\" sizes=\"auto, (max-width: 150px) 100vw, 150px\" \/><\/a>\n\t\t\t<\/div><\/figure><figure class='gallery-item'>\n\t\t\t<div class='gallery-icon portrait'>\n\t\t\t\t<a href='https:\/\/daemlaja.cl\/wp\/wp-content\/uploads\/2017\/06\/Festival-de-la-Voz173-1.jpg'><img loading=\"lazy\" decoding=\"async\" width=\"150\" height=\"150\" src=\"https:\/\/daemlaja.cl\/wp\/wp-content\/uploads\/2017\/06\/Festival-de-la-Voz173-1-150x150.jpg\" class=\"attachment-thumbnail size-thumbnail\" alt=\"\" srcset=\"https:\/\/daemlaja.cl\/wp\/wp-content\/uploads\/2017\/06\/Festival-de-la-Voz173-1-150x150.jpg 150w, https:\/\/daemlaja.cl\/wp\/wp-content\/uploads\/2017\/06\/Festival-de-la-Voz173-1-70x70.jpg 70w\" sizes=\"auto, (max-width: 150px) 100vw, 150px\" \/><\/a>\n\t\t\t<\/div><\/figure><figure class='gallery-item'>\n\t\t\t<div class='gallery-icon landscape'>\n\t\t\t\t<a href='https:\/\/daemlaja.cl\/wp\/wp-content\/uploads\/2017\/06\/Festival-de-la-Voz174-1.jpg'><img loading=\"lazy\" decoding=\"async\" width=\"150\" height=\"150\" src=\"https:\/\/daemlaja.cl\/wp\/wp-content\/uploads\/2017\/06\/Festival-de-la-Voz174-1-150x150.jpg\" class=\"attachment-thumbnail size-thumbnail\" alt=\"\" srcset=\"https:\/\/daemlaja.cl\/wp\/wp-content\/uploads\/2017\/06\/Festival-de-la-Voz174-1-150x150.jpg 150w, https:\/\/daemlaja.cl\/wp\/wp-content\/uploads\/2017\/06\/Festival-de-la-Voz174-1-70x70.jpg 70w\" sizes=\"auto, (max-width: 150px) 100vw, 150px\" \/><\/a>\n\t\t\t<\/div><\/figure><figure class='gallery-item'>\n\t\t\t<div class='gallery-icon landscape'>\n\t\t\t\t<a href='https:\/\/daemlaja.cl\/wp\/wp-content\/uploads\/2017\/06\/Festival-de-la-Voz175-1.jpg'><img loading=\"lazy\" decoding=\"async\" width=\"150\" height=\"150\" src=\"https:\/\/daemlaja.cl\/wp\/wp-content\/uploads\/2017\/06\/Festival-de-la-Voz175-1-150x150.jpg\" class=\"attachment-thumbnail size-thumbnail\" alt=\"\" srcset=\"https:\/\/daemlaja.cl\/wp\/wp-content\/uploads\/2017\/06\/Festival-de-la-Voz175-1-150x150.jpg 150w, https:\/\/daemlaja.cl\/wp\/wp-content\/uploads\/2017\/06\/Festival-de-la-Voz175-1-70x70.jpg 70w\" sizes=\"auto, (max-width: 150px) 100vw, 150px\" \/><\/a>\n\t\t\t<\/div><\/figure>\n\t\t<\/div>\n\n","protected":false},"excerpt":{"rendered":"<p>Doce estudiantes compitieron en este primer certamen, que organiz\u00f3 el liceo lajino.<\/p>\n","protected":false},"author":6,"featured_media":13012,"comment_status":"closed","ping_status":"closed","sticky":false,"template":"","format":"standard","meta":{"_uag_custom_page_level_css":"","site-sidebar-layout":"default","site-content-layout":"","ast-site-content-layout":"","site-content-style":"default","site-sidebar-style":"default","ast-global-header-display":"","ast-banner-title-visibility":"","ast-main-header-display":"","ast-hfb-above-header-display":"","ast-hfb-below-header-display":"","ast-hfb-mobile-header-display":"","site-post-title":"","ast-breadcrumbs-content":"","ast-featured-img":"","footer-sml-layout":"","theme-transparent-header-meta":"","adv-header-id-meta":"","stick-header-meta":"","header-above-stick-meta":"","header-main-stick-meta":"","header-below-stick-meta":"","astra-migrate-meta-layouts":"default","ast-page-background-enabled":"default","ast-page-background-meta":{"desktop":{"background-color":"var(--ast-global-color-4)","background-image":"","background-repeat":"repeat","background-position":"center center","background-size":"auto","background-attachment":"scroll","background-type":"","background-media":"","overlay-type":"","overlay-color":"","overlay-opacity":"","overlay-gradient":""},"tablet":{"background-color":"","background-image":"","background-repeat":"repeat","background-position":"center center","background-size":"auto","background-attachment":"scroll","background-type":"","background-media":"","overlay-type":"","overlay-color":"","overlay-opacity":"","overlay-gradient":""},"mobile":{"background-color":"","background-image":"","background-repeat":"repeat","background-position":"center center","background-size":"auto","background-attachment":"scroll","background-type":"","background-media":"","overlay-type":"","overlay-color":"","overlay-opacity":"","overlay-gradient":""}},"ast-content-background-meta":{"desktop":{"background-color":"var(--ast-global-color-5)","background-image":"","background-repeat":"repeat","background-position":"center center","background-size":"auto","background-attachment":"scroll","background-type":"","background-media":"","overlay-type":"","overlay-color":"","overlay-opacity":"","overlay-gradient":""},"tablet":{"background-color":"var(--ast-global-color-5)","background-image":"","background-repeat":"repeat","background-position":"center center","background-size":"auto","background-attachment":"scroll","background-type":"","background-media":"","overlay-type":"","overlay-color":"","overlay-opacity":"","overlay-gradient":""},"mobile":{"background-color":"var(--ast-global-color-5)","background-image":"","background-repeat":"repeat","background-position":"center center","background-size":"auto","background-attachment":"scroll","background-type":"","background-media":"","overlay-type":"","overlay-color":"","overlay-opacity":"","overlay-gradient":""}},"ngg_post_thumbnail":0,"footnotes":""},"categories":[30,29],"tags":[],"class_list":["post-13011","post","type-post","status-publish","format-standard","has-post-thumbnail","hentry","category-artistico","category-liceo-heroes-de-la-concepcion"],"uagb_featured_image_src":{"full":["https:\/\/daemlaja.cl\/wp\/wp-content\/uploads\/2017\/06\/Festival-de-la-Voz68.jpg",680,430,false],"thumbnail":["https:\/\/daemlaja.cl\/wp\/wp-content\/uploads\/2017\/06\/Festival-de-la-Voz68-150x150.jpg",150,150,true],"medium":["https:\/\/daemlaja.cl\/wp\/wp-content\/uploads\/2017\/06\/Festival-de-la-Voz68-300x190.jpg",300,190,true],"medium_large":["https:\/\/daemlaja.cl\/wp\/wp-content\/uploads\/2017\/06\/Festival-de-la-Voz68.jpg",680,430,false],"large":["https:\/\/daemlaja.cl\/wp\/wp-content\/uploads\/2017\/06\/Festival-de-la-Voz68.jpg",680,430,false],"1536x1536":["https:\/\/daemlaja.cl\/wp\/wp-content\/uploads\/2017\/06\/Festival-de-la-Voz68.jpg",680,430,false],"2048x2048":["https:\/\/daemlaja.cl\/wp\/wp-content\/uploads\/2017\/06\/Festival-de-la-Voz68.jpg",680,430,false]},"uagb_author_info":{"display_name":"Cristian Matamala","author_link":false},"uagb_comment_info":0,"uagb_excerpt":"Doce estudiantes compitieron en este primer certamen, que organiz\u00f3 el liceo lajino.","_links":{"self":[{"href":"https:\/\/daemlaja.cl\/wp\/wp-json\/wp\/v2\/posts\/13011","targetHints":{"allow":["GET"]}}],"collection":[{"href":"https:\/\/daemlaja.cl\/wp\/wp-json\/wp\/v2\/posts"}],"about":[{"href":"https:\/\/daemlaja.cl\/wp\/wp-json\/wp\/v2\/types\/post"}],"author":[{"embeddable":true,"href":"https:\/\/daemlaja.cl\/wp\/wp-json\/wp\/v2\/users\/6"}],"replies":[{"embeddable":true,"href":"https:\/\/daemlaja.cl\/wp\/wp-json\/wp\/v2\/comments?post=13011"}],"version-history":[{"count":4,"href":"https:\/\/daemlaja.cl\/wp\/wp-json\/wp\/v2\/posts\/13011\/revisions"}],"predecessor-version":[{"id":13215,"href":"https:\/\/daemlaja.cl\/wp\/wp-json\/wp\/v2\/posts\/13011\/revisions\/13215"}],"wp:featuredmedia":[{"embeddable":true,"href":"https:\/\/daemlaja.cl\/wp\/wp-json\/wp\/v2\/media\/13012"}],"wp:attachment":[{"href":"https:\/\/daemlaja.cl\/wp\/wp-json\/wp\/v2\/media?parent=13011"}],"wp:term":[{"taxonomy":"category","embeddable":true,"href":"https:\/\/daemlaja.cl\/wp\/wp-json\/wp\/v2\/categories?post=13011"},{"taxonomy":"post_tag","embeddable":true,"href":"https:\/\/daemlaja.cl\/wp\/wp-json\/wp\/v2\/tags?post=13011"}],"curies":[{"name":"wp","href":"https:\/\/api.w.org\/{rel}","templated":true}]}}