{"id":13719,"date":"2017-07-06T17:28:16","date_gmt":"2017-07-06T17:28:16","guid":{"rendered":"http:\/\/daemlaja.cl\/wp\/?p=13719"},"modified":"2017-07-06T17:29:57","modified_gmt":"2017-07-06T17:29:57","slug":"tambores-y-pitos-hacen-bailar-en-la-escuela-nivequeten","status":"publish","type":"post","link":"https:\/\/daemlaja.cl\/wp\/tambores-y-pitos-hacen-bailar-en-la-escuela-nivequeten\/","title":{"rendered":"Tambores y pitos hacen bailar en la escuela Nivequet\u00e9n"},"content":{"rendered":"<p><em>Antes de comenzar las vacaciones de invierno, debut\u00f3 frente a la comunidad educativa, la recientemente creada batucada de la escuela Nivequet\u00e9n.<\/em><br \/>\n<!--more--><\/p>\n<p>Son sonidos contagiosos de los tambores y pitos, que son gravitantes para atrapar a quienes los escuchan, es que las batucadas se han hecho populares en los \u00faltimos a\u00f1os en nuestro pa\u00eds, cautivando a grandes y chicos. Las batucadas son un estilo de percusi\u00f3n brasile\u00f1a de influencias africanas, que se caracterizan por su estilo repetitivo y ritmo acelerado, consider\u00e1ndoseles una derivaci\u00f3n de la samba.<\/p>\n<p>En Laja irrumpieron con fuerza, primero con algunos talleres dependientes del municipio y hoy al alero de las unidades educativas. Es en este contexto que el pasado mi\u00e9rcoles 5, fue presentada\u00a0\u00a0\u00a0 la batucada de la escuela Nivequet\u00e9n, la que lleva reci\u00e9n unas semanas de pr\u00e1ctica y se present\u00f3 a la comunidad educativa antes de irse de vacaciones.<\/p>\n<p>La directora del establecimiento, Paola Rossi, dice que esta naci\u00f3 como una alternativa a los tradicionales talleres que se hacen habitualmente, interesando de inmediato a un importante numero de j\u00f3venes, es que los ritmos alegres de su m\u00fasica los cautiva, dice la docente, que indica que en primera instancia para su financiamiento fueron parte del programa \u201cMov\u00e1monos por la Educaci\u00f3n\u201d, del Mineduc.<\/p>\n<p>Dimitri Kontrafuris, es el monitor encargado de ense\u00f1ar a interpretar estos nuevos sonidos, el m\u00fasico se\u00f1ala que el grupo tiene muchas energ\u00edas, son buenos elementos, con una disposici\u00f3n incre\u00edble de parte de los ni\u00f1os, lo que facilita que aprendan r\u00e1pido, agradece a la direcci\u00f3n del colegio, quienes han sido muy proactivos, apoyando siempre.<\/p>\n<blockquote><p><strong><em>\u201cReci\u00e9n llevamos cuatro clases y ya dominan dos ritmos que son b\u00e1sicos, pero haberlos aprendido en tan corto tiempo, para mi como m\u00fasico es destacable\u201d.<\/em><\/strong><\/p><\/blockquote>\n<p>Kontrafuris dice que estos ritmos atraen a los j\u00f3venes, de ah\u00ed el inter\u00e9s por ser parte de ellas, es estar dispuesto a disfrutar la m\u00fasica, es algo para ellos, m\u00fasica alegre que los hace sonre\u00edr mientas tocan.<\/p>\n<p>Por su parte Daniela Arriagada, alumna de octavo a\u00f1o e integrante de la batucada, comenta que participa por que le encanta\u00a0 todo lo que tenga que ver con m\u00fasica, era un taller distinto a los deportivos.<\/p>\n<blockquote><p><em><strong> \u201cEl talento esta entre nosotros, estamos motivados, a pocas semanas de empezar nos presentamos y sali\u00f3 bien\u201d.<\/strong><\/em><\/p><\/blockquote>\n<p>Sin duda esta es una alternativa distinta para que los j\u00f3venes encausen sus talentos, ocupen su tiempo libre en actividades sanas, donde comparten y se divierten.<\/p>\n<div id='gallery-1' class='gallery galleryid-13719 gallery-columns-3 gallery-size-thumbnail'><figure class='gallery-item'>\n\t\t\t<div class='gallery-icon landscape'>\n\t\t\t\t<a href='https:\/\/daemlaja.cl\/wp\/wp-content\/uploads\/2017\/07\/batucada-9-2.jpg'><img loading=\"lazy\" decoding=\"async\" width=\"150\" height=\"150\" src=\"https:\/\/daemlaja.cl\/wp\/wp-content\/uploads\/2017\/07\/batucada-9-2-150x150.jpg\" class=\"attachment-thumbnail size-thumbnail\" alt=\"\" srcset=\"https:\/\/daemlaja.cl\/wp\/wp-content\/uploads\/2017\/07\/batucada-9-2-150x150.jpg 150w, https:\/\/daemlaja.cl\/wp\/wp-content\/uploads\/2017\/07\/batucada-9-2-70x70.jpg 70w\" sizes=\"auto, (max-width: 150px) 100vw, 150px\" \/><\/a>\n\t\t\t<\/div><\/figure><figure class='gallery-item'>\n\t\t\t<div class='gallery-icon landscape'>\n\t\t\t\t<a href='https:\/\/daemlaja.cl\/wp\/wp-content\/uploads\/2017\/07\/batucada-10.jpg'><img loading=\"lazy\" decoding=\"async\" width=\"150\" height=\"150\" src=\"https:\/\/daemlaja.cl\/wp\/wp-content\/uploads\/2017\/07\/batucada-10-150x150.jpg\" class=\"attachment-thumbnail size-thumbnail\" alt=\"\" srcset=\"https:\/\/daemlaja.cl\/wp\/wp-content\/uploads\/2017\/07\/batucada-10-150x150.jpg 150w, https:\/\/daemlaja.cl\/wp\/wp-content\/uploads\/2017\/07\/batucada-10-70x70.jpg 70w\" sizes=\"auto, (max-width: 150px) 100vw, 150px\" \/><\/a>\n\t\t\t<\/div><\/figure><figure class='gallery-item'>\n\t\t\t<div class='gallery-icon landscape'>\n\t\t\t\t<a href='https:\/\/daemlaja.cl\/wp\/wp-content\/uploads\/2017\/07\/batucada-9-1.jpg'><img loading=\"lazy\" decoding=\"async\" width=\"150\" height=\"150\" src=\"https:\/\/daemlaja.cl\/wp\/wp-content\/uploads\/2017\/07\/batucada-9-1-150x150.jpg\" class=\"attachment-thumbnail size-thumbnail\" alt=\"\" srcset=\"https:\/\/daemlaja.cl\/wp\/wp-content\/uploads\/2017\/07\/batucada-9-1-150x150.jpg 150w, https:\/\/daemlaja.cl\/wp\/wp-content\/uploads\/2017\/07\/batucada-9-1-70x70.jpg 70w\" sizes=\"auto, (max-width: 150px) 100vw, 150px\" \/><\/a>\n\t\t\t<\/div><\/figure><figure class='gallery-item'>\n\t\t\t<div class='gallery-icon landscape'>\n\t\t\t\t<a href='https:\/\/daemlaja.cl\/wp\/wp-content\/uploads\/2017\/07\/batucada-8.jpg'><img loading=\"lazy\" decoding=\"async\" width=\"150\" height=\"150\" src=\"https:\/\/daemlaja.cl\/wp\/wp-content\/uploads\/2017\/07\/batucada-8-150x150.jpg\" class=\"attachment-thumbnail size-thumbnail\" alt=\"\" srcset=\"https:\/\/daemlaja.cl\/wp\/wp-content\/uploads\/2017\/07\/batucada-8-150x150.jpg 150w, https:\/\/daemlaja.cl\/wp\/wp-content\/uploads\/2017\/07\/batucada-8-70x70.jpg 70w\" sizes=\"auto, (max-width: 150px) 100vw, 150px\" \/><\/a>\n\t\t\t<\/div><\/figure><figure class='gallery-item'>\n\t\t\t<div class='gallery-icon landscape'>\n\t\t\t\t<a href='https:\/\/daemlaja.cl\/wp\/wp-content\/uploads\/2017\/07\/batucada-7.jpg'><img loading=\"lazy\" decoding=\"async\" width=\"150\" height=\"150\" src=\"https:\/\/daemlaja.cl\/wp\/wp-content\/uploads\/2017\/07\/batucada-7-150x150.jpg\" class=\"attachment-thumbnail size-thumbnail\" alt=\"\" srcset=\"https:\/\/daemlaja.cl\/wp\/wp-content\/uploads\/2017\/07\/batucada-7-150x150.jpg 150w, https:\/\/daemlaja.cl\/wp\/wp-content\/uploads\/2017\/07\/batucada-7-70x70.jpg 70w\" sizes=\"auto, (max-width: 150px) 100vw, 150px\" \/><\/a>\n\t\t\t<\/div><\/figure><figure class='gallery-item'>\n\t\t\t<div class='gallery-icon landscape'>\n\t\t\t\t<a href='https:\/\/daemlaja.cl\/wp\/wp-content\/uploads\/2017\/07\/batucada-6.jpg'><img loading=\"lazy\" decoding=\"async\" width=\"150\" height=\"150\" src=\"https:\/\/daemlaja.cl\/wp\/wp-content\/uploads\/2017\/07\/batucada-6-150x150.jpg\" class=\"attachment-thumbnail size-thumbnail\" alt=\"\" srcset=\"https:\/\/daemlaja.cl\/wp\/wp-content\/uploads\/2017\/07\/batucada-6-150x150.jpg 150w, https:\/\/daemlaja.cl\/wp\/wp-content\/uploads\/2017\/07\/batucada-6-70x70.jpg 70w\" sizes=\"auto, (max-width: 150px) 100vw, 150px\" \/><\/a>\n\t\t\t<\/div><\/figure><figure class='gallery-item'>\n\t\t\t<div class='gallery-icon landscape'>\n\t\t\t\t<a href='https:\/\/daemlaja.cl\/wp\/wp-content\/uploads\/2017\/07\/batucada-5.jpg'><img loading=\"lazy\" decoding=\"async\" width=\"150\" height=\"150\" src=\"https:\/\/daemlaja.cl\/wp\/wp-content\/uploads\/2017\/07\/batucada-5-150x150.jpg\" class=\"attachment-thumbnail size-thumbnail\" alt=\"\" srcset=\"https:\/\/daemlaja.cl\/wp\/wp-content\/uploads\/2017\/07\/batucada-5-150x150.jpg 150w, https:\/\/daemlaja.cl\/wp\/wp-content\/uploads\/2017\/07\/batucada-5-70x70.jpg 70w\" sizes=\"auto, (max-width: 150px) 100vw, 150px\" \/><\/a>\n\t\t\t<\/div><\/figure><figure class='gallery-item'>\n\t\t\t<div class='gallery-icon landscape'>\n\t\t\t\t<a href='https:\/\/daemlaja.cl\/wp\/wp-content\/uploads\/2017\/07\/batucada-2.jpg'><img loading=\"lazy\" decoding=\"async\" width=\"150\" height=\"150\" src=\"https:\/\/daemlaja.cl\/wp\/wp-content\/uploads\/2017\/07\/batucada-2-150x150.jpg\" class=\"attachment-thumbnail size-thumbnail\" alt=\"\" srcset=\"https:\/\/daemlaja.cl\/wp\/wp-content\/uploads\/2017\/07\/batucada-2-150x150.jpg 150w, https:\/\/daemlaja.cl\/wp\/wp-content\/uploads\/2017\/07\/batucada-2-70x70.jpg 70w\" sizes=\"auto, (max-width: 150px) 100vw, 150px\" \/><\/a>\n\t\t\t<\/div><\/figure><figure class='gallery-item'>\n\t\t\t<div class='gallery-icon landscape'>\n\t\t\t\t<a href='https:\/\/daemlaja.cl\/wp\/wp-content\/uploads\/2017\/07\/batucada-1.jpg'><img loading=\"lazy\" decoding=\"async\" width=\"150\" height=\"150\" src=\"https:\/\/daemlaja.cl\/wp\/wp-content\/uploads\/2017\/07\/batucada-1-150x150.jpg\" class=\"attachment-thumbnail size-thumbnail\" alt=\"\" srcset=\"https:\/\/daemlaja.cl\/wp\/wp-content\/uploads\/2017\/07\/batucada-1-150x150.jpg 150w, https:\/\/daemlaja.cl\/wp\/wp-content\/uploads\/2017\/07\/batucada-1-70x70.jpg 70w\" sizes=\"auto, (max-width: 150px) 100vw, 150px\" \/><\/a>\n\t\t\t<\/div><\/figure><figure class='gallery-item'>\n\t\t\t<div class='gallery-icon landscape'>\n\t\t\t\t<a href='https:\/\/daemlaja.cl\/wp\/wp-content\/uploads\/2017\/07\/MG_0003.jpg'><img loading=\"lazy\" decoding=\"async\" width=\"150\" height=\"150\" src=\"https:\/\/daemlaja.cl\/wp\/wp-content\/uploads\/2017\/07\/MG_0003-150x150.jpg\" class=\"attachment-thumbnail size-thumbnail\" alt=\"\" srcset=\"https:\/\/daemlaja.cl\/wp\/wp-content\/uploads\/2017\/07\/MG_0003-150x150.jpg 150w, https:\/\/daemlaja.cl\/wp\/wp-content\/uploads\/2017\/07\/MG_0003-70x70.jpg 70w\" sizes=\"auto, (max-width: 150px) 100vw, 150px\" \/><\/a>\n\t\t\t<\/div><\/figure><figure class='gallery-item'>\n\t\t\t<div class='gallery-icon landscape'>\n\t\t\t\t<a href='https:\/\/daemlaja.cl\/wp\/wp-content\/uploads\/2017\/07\/batucada-9.jpg'><img loading=\"lazy\" decoding=\"async\" width=\"150\" height=\"150\" src=\"https:\/\/daemlaja.cl\/wp\/wp-content\/uploads\/2017\/07\/batucada-9-150x150.jpg\" class=\"attachment-thumbnail size-thumbnail\" alt=\"\" srcset=\"https:\/\/daemlaja.cl\/wp\/wp-content\/uploads\/2017\/07\/batucada-9-150x150.jpg 150w, https:\/\/daemlaja.cl\/wp\/wp-content\/uploads\/2017\/07\/batucada-9-70x70.jpg 70w\" sizes=\"auto, (max-width: 150px) 100vw, 150px\" \/><\/a>\n\t\t\t<\/div><\/figure>\n\t\t<\/div>\n\n","protected":false},"excerpt":{"rendered":"<p>Antes de comenzar las vacaciones de invierno, debut\u00f3 frente a la comunidad educativa, la recientemente creada batucada de la escuela Nivequet\u00e9n.<\/p>\n","protected":false},"author":6,"featured_media":13720,"comment_status":"closed","ping_status":"closed","sticky":false,"template":"","format":"standard","meta":{"_uag_custom_page_level_css":"","site-sidebar-layout":"default","site-content-layout":"","ast-site-content-layout":"","site-content-style":"default","site-sidebar-style":"default","ast-global-header-display":"","ast-banner-title-visibility":"","ast-main-header-display":"","ast-hfb-above-header-display":"","ast-hfb-below-header-display":"","ast-hfb-mobile-header-display":"","site-post-title":"","ast-breadcrumbs-content":"","ast-featured-img":"","footer-sml-layout":"","theme-transparent-header-meta":"","adv-header-id-meta":"","stick-header-meta":"","header-above-stick-meta":"","header-main-stick-meta":"","header-below-stick-meta":"","astra-migrate-meta-layouts":"default","ast-page-background-enabled":"default","ast-page-background-meta":{"desktop":{"background-color":"var(--ast-global-color-4)","background-image":"","background-repeat":"repeat","background-position":"center center","background-size":"auto","background-attachment":"scroll","background-type":"","background-media":"","overlay-type":"","overlay-color":"","overlay-opacity":"","overlay-gradient":""},"tablet":{"background-color":"","background-image":"","background-repeat":"repeat","background-position":"center center","background-size":"auto","background-attachment":"scroll","background-type":"","background-media":"","overlay-type":"","overlay-color":"","overlay-opacity":"","overlay-gradient":""},"mobile":{"background-color":"","background-image":"","background-repeat":"repeat","background-position":"center center","background-size":"auto","background-attachment":"scroll","background-type":"","background-media":"","overlay-type":"","overlay-color":"","overlay-opacity":"","overlay-gradient":""}},"ast-content-background-meta":{"desktop":{"background-color":"var(--ast-global-color-5)","background-image":"","background-repeat":"repeat","background-position":"center center","background-size":"auto","background-attachment":"scroll","background-type":"","background-media":"","overlay-type":"","overlay-color":"","overlay-opacity":"","overlay-gradient":""},"tablet":{"background-color":"var(--ast-global-color-5)","background-image":"","background-repeat":"repeat","background-position":"center center","background-size":"auto","background-attachment":"scroll","background-type":"","background-media":"","overlay-type":"","overlay-color":"","overlay-opacity":"","overlay-gradient":""},"mobile":{"background-color":"var(--ast-global-color-5)","background-image":"","background-repeat":"repeat","background-position":"center center","background-size":"auto","background-attachment":"scroll","background-type":"","background-media":"","overlay-type":"","overlay-color":"","overlay-opacity":"","overlay-gradient":""}},"ngg_post_thumbnail":0,"footnotes":""},"categories":[30,28,38],"tags":[],"class_list":["post-13719","post","type-post","status-publish","format-standard","has-post-thumbnail","hentry","category-artistico","category-escuelas-de-laja-2014","category-slide"],"uagb_featured_image_src":{"full":["https:\/\/daemlaja.cl\/wp\/wp-content\/uploads\/2017\/07\/batucada-9-2.jpg",1632,1224,false],"thumbnail":["https:\/\/daemlaja.cl\/wp\/wp-content\/uploads\/2017\/07\/batucada-9-2-150x150.jpg",150,150,true],"medium":["https:\/\/daemlaja.cl\/wp\/wp-content\/uploads\/2017\/07\/batucada-9-2-300x225.jpg",300,225,true],"medium_large":["https:\/\/daemlaja.cl\/wp\/wp-content\/uploads\/2017\/07\/batucada-9-2-768x576.jpg",768,576,true],"large":["https:\/\/daemlaja.cl\/wp\/wp-content\/uploads\/2017\/07\/batucada-9-2-1024x768.jpg",1024,768,true],"1536x1536":["https:\/\/daemlaja.cl\/wp\/wp-content\/uploads\/2017\/07\/batucada-9-2.jpg",1536,1152,false],"2048x2048":["https:\/\/daemlaja.cl\/wp\/wp-content\/uploads\/2017\/07\/batucada-9-2.jpg",1632,1224,false]},"uagb_author_info":{"display_name":"Cristian Matamala","author_link":false},"uagb_comment_info":0,"uagb_excerpt":"Antes de comenzar las vacaciones de invierno, debut\u00f3 frente a la comunidad educativa, la recientemente creada batucada de la escuela Nivequet\u00e9n.","_links":{"self":[{"href":"https:\/\/daemlaja.cl\/wp\/wp-json\/wp\/v2\/posts\/13719","targetHints":{"allow":["GET"]}}],"collection":[{"href":"https:\/\/daemlaja.cl\/wp\/wp-json\/wp\/v2\/posts"}],"about":[{"href":"https:\/\/daemlaja.cl\/wp\/wp-json\/wp\/v2\/types\/post"}],"author":[{"embeddable":true,"href":"https:\/\/daemlaja.cl\/wp\/wp-json\/wp\/v2\/users\/6"}],"replies":[{"embeddable":true,"href":"https:\/\/daemlaja.cl\/wp\/wp-json\/wp\/v2\/comments?post=13719"}],"version-history":[{"count":2,"href":"https:\/\/daemlaja.cl\/wp\/wp-json\/wp\/v2\/posts\/13719\/revisions"}],"predecessor-version":[{"id":13722,"href":"https:\/\/daemlaja.cl\/wp\/wp-json\/wp\/v2\/posts\/13719\/revisions\/13722"}],"wp:featuredmedia":[{"embeddable":true,"href":"https:\/\/daemlaja.cl\/wp\/wp-json\/wp\/v2\/media\/13720"}],"wp:attachment":[{"href":"https:\/\/daemlaja.cl\/wp\/wp-json\/wp\/v2\/media?parent=13719"}],"wp:term":[{"taxonomy":"category","embeddable":true,"href":"https:\/\/daemlaja.cl\/wp\/wp-json\/wp\/v2\/categories?post=13719"},{"taxonomy":"post_tag","embeddable":true,"href":"https:\/\/daemlaja.cl\/wp\/wp-json\/wp\/v2\/tags?post=13719"}],"curies":[{"name":"wp","href":"https:\/\/api.w.org\/{rel}","templated":true}]}}