{"id":21452,"date":"2020-08-11T20:29:47","date_gmt":"2020-08-11T20:29:47","guid":{"rendered":"http:\/\/daemlaja.cl\/wp\/?p=21452"},"modified":"2020-08-11T20:30:33","modified_gmt":"2020-08-11T20:30:33","slug":"primera-muestra-escolar-de-capsulas-y-o-videos-yo-me-cuido-y-aprendo-junto-a-mi-familia-en-casa","status":"publish","type":"post","link":"https:\/\/daemlaja.cl\/wp\/primera-muestra-escolar-de-capsulas-y-o-videos-yo-me-cuido-y-aprendo-junto-a-mi-familia-en-casa\/","title":{"rendered":"Primera Muestra Escolar de  C\u00e1psulas y\/o Videos \u201cYo me cuido y aprendo junto a mi familia en casa\u201d"},"content":{"rendered":"<p>El Depto. de Educaci\u00f3n Municipal a trav\u00e9s de la Coordinaci\u00f3n comunal de Educ. Extraescolar, con el patrocinio de la Secretar\u00eda Regional Ministerial de Educaci\u00f3n del BioB\u00edo y de la Direcci\u00f3n Provincial de Educaci\u00f3n, convocan oficialmente\u00a0 a los estudiantes de Educaci\u00f3n B\u00e1sica y Media de los Establecimientos Educacionales municipalizados y particulares de la comuna a participar en la iniciativa \u00a0Primera Muestra Escolar de C\u00e1psulas y\/o videos,\u00a0 \u201cYo me cuido y aprendo junto a mi familia en casa \u201c, de acuerdo a lo estipulado en las presentes Bases.<\/p>\n<p>En el marco de la situaci\u00f3n de Pandemia quevivimos, se hace necesario de promover, garantizar la actividad f\u00edsica y actividades art\u00edsticas en el hogar, se ha trabajado continuamente en la idea de que es mejor para los estudiantes tener y ocupar su tiempo en actividades que fortalezcan su estado de \u00e1nimo y contenci\u00f3n emocional. Por tanto, resulta crucial instalar objetivos concretos que resalten la importancia de educar, y generar disciplinas en el hogar y que afiancen los procesos de aprendizaje que se desarrollan en forma remota en el contexto de la Pandemia Covid-19.<\/p>\n<p>Desde la escuela se busca promover una formaci\u00f3n que estimule a ni\u00f1os y j\u00f3venes a convertirse en activos, participativos, cr\u00edticos y responsables.<\/p>\n<p>En el marco de la educaci\u00f3n remota en tiempos de pandemia, la educaci\u00f3n extraescolar, organiza la primera muestra escolar de c\u00e1psulas y\/o video deportivos recreativos y art\u00edsticos, una iniciativa que es parte delas \u00a0acciones para fortalecer el trabajo en casa.<\/p>\n<p>&nbsp;<\/p>\n<p><a href=\"https:\/\/daemlaja.cl\/wp\/wp-content\/uploads\/2020\/08\/muestra-de-C\u00e1psulas-o-Videos-pandemia-2020.pdf\">\u00a0DESCARGAR BASES\u00a0\u00a0<\/a><\/p>\n<p>&nbsp;<\/p>\n","protected":false},"excerpt":{"rendered":"<p>El Depto. de Educaci\u00f3n Municipal a trav\u00e9s de la Coordinaci\u00f3n comunal de Educ. Extraescolar, con el patrocinio de la Secretar\u00eda Regional Ministerial de Educaci\u00f3n del BioB\u00edo y de la Direcci\u00f3n Provincial de Educaci\u00f3n, convocan oficialmente\u00a0 a los estudiantes de Educaci\u00f3n B\u00e1sica y Media de los Establecimientos Educacionales municipalizados y particulares de la comuna a participar [&hellip;]<\/p>\n","protected":false},"author":6,"featured_media":0,"comment_status":"closed","ping_status":"closed","sticky":false,"template":"","format":"standard","meta":{"_uag_custom_page_level_css":"","site-sidebar-layout":"default","site-content-layout":"","ast-site-content-layout":"","site-content-style":"default","site-sidebar-style":"default","ast-global-header-display":"","ast-banner-title-visibility":"","ast-main-header-display":"","ast-hfb-above-header-display":"","ast-hfb-below-header-display":"","ast-hfb-mobile-header-display":"","site-post-title":"","ast-breadcrumbs-content":"","ast-featured-img":"","footer-sml-layout":"","theme-transparent-header-meta":"","adv-header-id-meta":"","stick-header-meta":"","header-above-stick-meta":"","header-main-stick-meta":"","header-below-stick-meta":"","astra-migrate-meta-layouts":"default","ast-page-background-enabled":"default","ast-page-background-meta":{"desktop":{"background-color":"var(--ast-global-color-4)","background-image":"","background-repeat":"repeat","background-position":"center center","background-size":"auto","background-attachment":"scroll","background-type":"","background-media":"","overlay-type":"","overlay-color":"","overlay-opacity":"","overlay-gradient":""},"tablet":{"background-color":"","background-image":"","background-repeat":"repeat","background-position":"center center","background-size":"auto","background-attachment":"scroll","background-type":"","background-media":"","overlay-type":"","overlay-color":"","overlay-opacity":"","overlay-gradient":""},"mobile":{"background-color":"","background-image":"","background-repeat":"repeat","background-position":"center center","background-size":"auto","background-attachment":"scroll","background-type":"","background-media":"","overlay-type":"","overlay-color":"","overlay-opacity":"","overlay-gradient":""}},"ast-content-background-meta":{"desktop":{"background-color":"var(--ast-global-color-5)","background-image":"","background-repeat":"repeat","background-position":"center center","background-size":"auto","background-attachment":"scroll","background-type":"","background-media":"","overlay-type":"","overlay-color":"","overlay-opacity":"","overlay-gradient":""},"tablet":{"background-color":"var(--ast-global-color-5)","background-image":"","background-repeat":"repeat","background-position":"center center","background-size":"auto","background-attachment":"scroll","background-type":"","background-media":"","overlay-type":"","overlay-color":"","overlay-opacity":"","overlay-gradient":""},"mobile":{"background-color":"var(--ast-global-color-5)","background-image":"","background-repeat":"repeat","background-position":"center center","background-size":"auto","background-attachment":"scroll","background-type":"","background-media":"","overlay-type":"","overlay-color":"","overlay-opacity":"","overlay-gradient":""}},"ngg_post_thumbnail":0,"footnotes":""},"categories":[1],"tags":[],"class_list":["post-21452","post","type-post","status-publish","format-standard","hentry","category-quienes-somos"],"uagb_featured_image_src":{"full":false,"thumbnail":false,"medium":false,"medium_large":false,"large":false,"1536x1536":false,"2048x2048":false},"uagb_author_info":{"display_name":"Cristian Matamala","author_link":false},"uagb_comment_info":0,"uagb_excerpt":"El Depto. de Educaci\u00f3n Municipal a trav\u00e9s de la Coordinaci\u00f3n comunal de Educ. Extraescolar, con el patrocinio de la Secretar\u00eda Regional Ministerial de Educaci\u00f3n del BioB\u00edo y de la Direcci\u00f3n Provincial de Educaci\u00f3n, convocan oficialmente\u00a0 a los estudiantes de Educaci\u00f3n B\u00e1sica y Media de los Establecimientos Educacionales municipalizados y particulares de la comuna a participar&hellip;","_links":{"self":[{"href":"https:\/\/daemlaja.cl\/wp\/wp-json\/wp\/v2\/posts\/21452","targetHints":{"allow":["GET"]}}],"collection":[{"href":"https:\/\/daemlaja.cl\/wp\/wp-json\/wp\/v2\/posts"}],"about":[{"href":"https:\/\/daemlaja.cl\/wp\/wp-json\/wp\/v2\/types\/post"}],"author":[{"embeddable":true,"href":"https:\/\/daemlaja.cl\/wp\/wp-json\/wp\/v2\/users\/6"}],"replies":[{"embeddable":true,"href":"https:\/\/daemlaja.cl\/wp\/wp-json\/wp\/v2\/comments?post=21452"}],"version-history":[{"count":6,"href":"https:\/\/daemlaja.cl\/wp\/wp-json\/wp\/v2\/posts\/21452\/revisions"}],"predecessor-version":[{"id":21461,"href":"https:\/\/daemlaja.cl\/wp\/wp-json\/wp\/v2\/posts\/21452\/revisions\/21461"}],"wp:attachment":[{"href":"https:\/\/daemlaja.cl\/wp\/wp-json\/wp\/v2\/media?parent=21452"}],"wp:term":[{"taxonomy":"category","embeddable":true,"href":"https:\/\/daemlaja.cl\/wp\/wp-json\/wp\/v2\/categories?post=21452"},{"taxonomy":"post_tag","embeddable":true,"href":"https:\/\/daemlaja.cl\/wp\/wp-json\/wp\/v2\/tags?post=21452"}],"curies":[{"name":"wp","href":"https:\/\/api.w.org\/{rel}","templated":true}]}}