{"id":23268,"date":"2022-03-10T15:47:43","date_gmt":"2022-03-10T15:47:43","guid":{"rendered":"http:\/\/daemlaja.cl\/wp\/?p=23268"},"modified":"2022-03-10T15:48:08","modified_gmt":"2022-03-10T15:48:08","slug":"la-cueca-ya-se-baila-en-el-taller-comunal-de-cueca-escolar","status":"publish","type":"post","link":"https:\/\/daemlaja.cl\/wp\/la-cueca-ya-se-baila-en-el-taller-comunal-de-cueca-escolar\/","title":{"rendered":"La cueca ya se baila en el Taller Comunal de Cueca Escolar"},"content":{"rendered":"<p>Comenzando el a\u00f1o escolar las cuecas y zapateos \u00a0se escuchan fuerte en el gimnasio municipal, lugar donde trabaja semana a semana el Taller Comunal de Cueca Escolar, dependiente del Departamento de Educaci\u00f3n Municipal, con clases impartidas por monitor Rodrigo Cartes Campos, Campe\u00f3n Nacional de Cueca Adulto.<\/p>\n<p>Por estos d\u00edas los alumnos m\u00e1s antiguos se preparan para una presentaci\u00f3n en el contexto del provincial de Cueca Adulto Arica 2022, evento que se efectuar\u00e1 pr\u00f3ximamente en nuestra comuna.<\/p>\n<p>Este taller es gratuito y est\u00e1 abierto a todos los j\u00f3venes estudiantes del sistema escolar que deseen bailar nuestra danza nacional. Se re\u00fanen los mi\u00e9rcoles en el mencionado gimnasio de calle Los Olivos interior, desde las 16 a 18 horas.<\/p>\n<p>Se extiende la invitaci\u00f3n a todos los estudiantes que tengan inter\u00e9s por conocer y practicar la cueca, sin tener que esperar septiembre.<\/p>\n","protected":false},"excerpt":{"rendered":"<p>Comenzando el a\u00f1o escolar las cuecas y zapateos \u00a0se escuchan fuerte en el gimnasio municipal, lugar donde trabaja semana a semana el Taller Comunal de Cueca Escolar, dependiente del Departamento de Educaci\u00f3n Municipal, con clases impartidas por monitor Rodrigo Cartes Campos, Campe\u00f3n Nacional de Cueca Adulto. Por estos d\u00edas los alumnos m\u00e1s antiguos se preparan [&hellip;]<\/p>\n","protected":false},"author":6,"featured_media":23269,"comment_status":"closed","ping_status":"closed","sticky":true,"template":"","format":"standard","meta":{"_uag_custom_page_level_css":"","site-sidebar-layout":"default","site-content-layout":"","ast-site-content-layout":"","site-content-style":"default","site-sidebar-style":"default","ast-global-header-display":"","ast-banner-title-visibility":"","ast-main-header-display":"","ast-hfb-above-header-display":"","ast-hfb-below-header-display":"","ast-hfb-mobile-header-display":"","site-post-title":"","ast-breadcrumbs-content":"","ast-featured-img":"","footer-sml-layout":"","theme-transparent-header-meta":"","adv-header-id-meta":"","stick-header-meta":"","header-above-stick-meta":"","header-main-stick-meta":"","header-below-stick-meta":"","astra-migrate-meta-layouts":"default","ast-page-background-enabled":"default","ast-page-background-meta":{"desktop":{"background-color":"var(--ast-global-color-4)","background-image":"","background-repeat":"repeat","background-position":"center center","background-size":"auto","background-attachment":"scroll","background-type":"","background-media":"","overlay-type":"","overlay-color":"","overlay-opacity":"","overlay-gradient":""},"tablet":{"background-color":"","background-image":"","background-repeat":"repeat","background-position":"center center","background-size":"auto","background-attachment":"scroll","background-type":"","background-media":"","overlay-type":"","overlay-color":"","overlay-opacity":"","overlay-gradient":""},"mobile":{"background-color":"","background-image":"","background-repeat":"repeat","background-position":"center center","background-size":"auto","background-attachment":"scroll","background-type":"","background-media":"","overlay-type":"","overlay-color":"","overlay-opacity":"","overlay-gradient":""}},"ast-content-background-meta":{"desktop":{"background-color":"var(--ast-global-color-5)","background-image":"","background-repeat":"repeat","background-position":"center center","background-size":"auto","background-attachment":"scroll","background-type":"","background-media":"","overlay-type":"","overlay-color":"","overlay-opacity":"","overlay-gradient":""},"tablet":{"background-color":"var(--ast-global-color-5)","background-image":"","background-repeat":"repeat","background-position":"center center","background-size":"auto","background-attachment":"scroll","background-type":"","background-media":"","overlay-type":"","overlay-color":"","overlay-opacity":"","overlay-gradient":""},"mobile":{"background-color":"var(--ast-global-color-5)","background-image":"","background-repeat":"repeat","background-position":"center center","background-size":"auto","background-attachment":"scroll","background-type":"","background-media":"","overlay-type":"","overlay-color":"","overlay-opacity":"","overlay-gradient":""}},"ngg_post_thumbnail":0,"footnotes":""},"categories":[30,28,35,1,42],"tags":[],"class_list":["post-23268","post","type-post","status-publish","format-standard","has-post-thumbnail","hentry","category-artistico","category-escuelas-de-laja-2014","category-eventos","category-quienes-somos","category-taller-de-cueca-y-danzas-folcloricas"],"uagb_featured_image_src":{"full":["https:\/\/daemlaja.cl\/wp\/wp-content\/uploads\/2022\/03\/cueca.jpg",1443,904,false],"thumbnail":["https:\/\/daemlaja.cl\/wp\/wp-content\/uploads\/2022\/03\/cueca-150x150.jpg",150,150,true],"medium":["https:\/\/daemlaja.cl\/wp\/wp-content\/uploads\/2022\/03\/cueca-300x188.jpg",300,188,true],"medium_large":["https:\/\/daemlaja.cl\/wp\/wp-content\/uploads\/2022\/03\/cueca-768x481.jpg",768,481,true],"large":["https:\/\/daemlaja.cl\/wp\/wp-content\/uploads\/2022\/03\/cueca-1024x642.jpg",1024,642,true],"1536x1536":["https:\/\/daemlaja.cl\/wp\/wp-content\/uploads\/2022\/03\/cueca.jpg",1443,904,false],"2048x2048":["https:\/\/daemlaja.cl\/wp\/wp-content\/uploads\/2022\/03\/cueca.jpg",1443,904,false]},"uagb_author_info":{"display_name":"Cristian Matamala","author_link":false},"uagb_comment_info":0,"uagb_excerpt":"Comenzando el a\u00f1o escolar las cuecas y zapateos \u00a0se escuchan fuerte en el gimnasio municipal, lugar donde trabaja semana a semana el Taller Comunal de Cueca Escolar, dependiente del Departamento de Educaci\u00f3n Municipal, con clases impartidas por monitor Rodrigo Cartes Campos, Campe\u00f3n Nacional de Cueca Adulto. Por estos d\u00edas los alumnos m\u00e1s antiguos se preparan&hellip;","_links":{"self":[{"href":"https:\/\/daemlaja.cl\/wp\/wp-json\/wp\/v2\/posts\/23268","targetHints":{"allow":["GET"]}}],"collection":[{"href":"https:\/\/daemlaja.cl\/wp\/wp-json\/wp\/v2\/posts"}],"about":[{"href":"https:\/\/daemlaja.cl\/wp\/wp-json\/wp\/v2\/types\/post"}],"author":[{"embeddable":true,"href":"https:\/\/daemlaja.cl\/wp\/wp-json\/wp\/v2\/users\/6"}],"replies":[{"embeddable":true,"href":"https:\/\/daemlaja.cl\/wp\/wp-json\/wp\/v2\/comments?post=23268"}],"version-history":[{"count":1,"href":"https:\/\/daemlaja.cl\/wp\/wp-json\/wp\/v2\/posts\/23268\/revisions"}],"predecessor-version":[{"id":23270,"href":"https:\/\/daemlaja.cl\/wp\/wp-json\/wp\/v2\/posts\/23268\/revisions\/23270"}],"wp:featuredmedia":[{"embeddable":true,"href":"https:\/\/daemlaja.cl\/wp\/wp-json\/wp\/v2\/media\/23269"}],"wp:attachment":[{"href":"https:\/\/daemlaja.cl\/wp\/wp-json\/wp\/v2\/media?parent=23268"}],"wp:term":[{"taxonomy":"category","embeddable":true,"href":"https:\/\/daemlaja.cl\/wp\/wp-json\/wp\/v2\/categories?post=23268"},{"taxonomy":"post_tag","embeddable":true,"href":"https:\/\/daemlaja.cl\/wp\/wp-json\/wp\/v2\/tags?post=23268"}],"curies":[{"name":"wp","href":"https:\/\/api.w.org\/{rel}","templated":true}]}}