{"id":7936,"date":"2016-04-12T16:10:42","date_gmt":"2016-04-12T16:10:42","guid":{"rendered":"http:\/\/daemlaja.cl\/wp\/?p=7936"},"modified":"2016-04-12T16:10:42","modified_gmt":"2016-04-12T16:10:42","slug":"profesores-se-capacitan-en-materias-ambientales","status":"publish","type":"post","link":"https:\/\/daemlaja.cl\/wp\/profesores-se-capacitan-en-materias-ambientales\/","title":{"rendered":"Profesores se capacitan en materias ambientales"},"content":{"rendered":"<p style=\"text-align: justify;\">Docentes Lajinos participaron de capacitaci\u00f3n por parte de la Universidad de Concepci\u00f3n en el proyecto \u201c\u00c1lbum de las Ecobrigadas\u201d, instancia desarrollada por el Centro Interactivo de Ciencias, Artes y Tecnolog\u00edas, CICAT, en la sede Los \u00c1ngeles de esa casa de estudios, esto junto a ESSBIO y con el apoyo del PAR EXPLORA Biob\u00edo. La iniciativa, busca que 40 mil estudiantes de primer y segundo ciclo de Educaci\u00f3n B\u00e1sica de las Regiones de Maule, Biob\u00edo y O\u2019Higgins promuevan el cuidado y protecci\u00f3n del medio ambiente.<\/p>\n<p style=\"text-align: justify;\">Los docentes participaron de 4 talleres basados en el Modelo Interactivo Kair\u00f3s (MIK), abordando tem\u00e1ticas como el ciclo del agua, el cambio clim\u00e1tico, los recursos h\u00eddricos, las cuencas hidrogr\u00e1ficas, la eficiencia energ\u00e9tica, el reciclaje y la biodiversidad. Estos conocimientos podr\u00e1n ser traspasados a los escolares \u00a0de manera did\u00e1ctica y entretenida.<\/p>\n<p style=\"text-align: justify;\">Esta iniciativa viene a complementar las diferentes acciones que desarrollan los establecimientos educacionales de la comuna, en busca del cuidado y la valoraci\u00f3n del medio ambiente.\u200b<\/p>\n\n","protected":false},"excerpt":{"rendered":"<p>Docentes Lajinos participaron de capacitaci\u00f3n por parte de la Universidad de Concepci\u00f3n en el proyecto \u201c\u00c1lbum de las Ecobrigadas\u201d, instancia desarrollada por el Centro Interactivo de Ciencias, Artes y Tecnolog\u00edas, CICAT, en la sede Los \u00c1ngeles de esa casa de estudios, esto junto a ESSBIO y con el apoyo del PAR EXPLORA Biob\u00edo. La iniciativa, [&hellip;]<\/p>\n","protected":false},"author":6,"featured_media":0,"comment_status":"closed","ping_status":"closed","sticky":false,"template":"","format":"standard","meta":{"_uag_custom_page_level_css":"","site-sidebar-layout":"default","site-content-layout":"","ast-site-content-layout":"","site-content-style":"default","site-sidebar-style":"default","ast-global-header-display":"","ast-banner-title-visibility":"","ast-main-header-display":"","ast-hfb-above-header-display":"","ast-hfb-below-header-display":"","ast-hfb-mobile-header-display":"","site-post-title":"","ast-breadcrumbs-content":"","ast-featured-img":"","footer-sml-layout":"","theme-transparent-header-meta":"","adv-header-id-meta":"","stick-header-meta":"","header-above-stick-meta":"","header-main-stick-meta":"","header-below-stick-meta":"","astra-migrate-meta-layouts":"default","ast-page-background-enabled":"default","ast-page-background-meta":{"desktop":{"background-color":"var(--ast-global-color-4)","background-image":"","background-repeat":"repeat","background-position":"center center","background-size":"auto","background-attachment":"scroll","background-type":"","background-media":"","overlay-type":"","overlay-color":"","overlay-opacity":"","overlay-gradient":""},"tablet":{"background-color":"","background-image":"","background-repeat":"repeat","background-position":"center center","background-size":"auto","background-attachment":"scroll","background-type":"","background-media":"","overlay-type":"","overlay-color":"","overlay-opacity":"","overlay-gradient":""},"mobile":{"background-color":"","background-image":"","background-repeat":"repeat","background-position":"center center","background-size":"auto","background-attachment":"scroll","background-type":"","background-media":"","overlay-type":"","overlay-color":"","overlay-opacity":"","overlay-gradient":""}},"ast-content-background-meta":{"desktop":{"background-color":"var(--ast-global-color-5)","background-image":"","background-repeat":"repeat","background-position":"center center","background-size":"auto","background-attachment":"scroll","background-type":"","background-media":"","overlay-type":"","overlay-color":"","overlay-opacity":"","overlay-gradient":""},"tablet":{"background-color":"var(--ast-global-color-5)","background-image":"","background-repeat":"repeat","background-position":"center center","background-size":"auto","background-attachment":"scroll","background-type":"","background-media":"","overlay-type":"","overlay-color":"","overlay-opacity":"","overlay-gradient":""},"mobile":{"background-color":"var(--ast-global-color-5)","background-image":"","background-repeat":"repeat","background-position":"center center","background-size":"auto","background-attachment":"scroll","background-type":"","background-media":"","overlay-type":"","overlay-color":"","overlay-opacity":"","overlay-gradient":""}},"ngg_post_thumbnail":0,"footnotes":""},"categories":[35],"tags":[],"class_list":["post-7936","post","type-post","status-publish","format-standard","hentry","category-eventos"],"uagb_featured_image_src":{"full":false,"thumbnail":false,"medium":false,"medium_large":false,"large":false,"1536x1536":false,"2048x2048":false},"uagb_author_info":{"display_name":"Cristian Matamala","author_link":false},"uagb_comment_info":0,"uagb_excerpt":"Docentes Lajinos participaron de capacitaci\u00f3n por parte de la Universidad de Concepci\u00f3n en el proyecto \u201c\u00c1lbum de las Ecobrigadas\u201d, instancia desarrollada por el Centro Interactivo de Ciencias, Artes y Tecnolog\u00edas, CICAT, en la sede Los \u00c1ngeles de esa casa de estudios, esto junto a ESSBIO y con el apoyo del PAR EXPLORA Biob\u00edo. La iniciativa,&hellip;","_links":{"self":[{"href":"https:\/\/daemlaja.cl\/wp\/wp-json\/wp\/v2\/posts\/7936","targetHints":{"allow":["GET"]}}],"collection":[{"href":"https:\/\/daemlaja.cl\/wp\/wp-json\/wp\/v2\/posts"}],"about":[{"href":"https:\/\/daemlaja.cl\/wp\/wp-json\/wp\/v2\/types\/post"}],"author":[{"embeddable":true,"href":"https:\/\/daemlaja.cl\/wp\/wp-json\/wp\/v2\/users\/6"}],"replies":[{"embeddable":true,"href":"https:\/\/daemlaja.cl\/wp\/wp-json\/wp\/v2\/comments?post=7936"}],"version-history":[{"count":1,"href":"https:\/\/daemlaja.cl\/wp\/wp-json\/wp\/v2\/posts\/7936\/revisions"}],"predecessor-version":[{"id":7943,"href":"https:\/\/daemlaja.cl\/wp\/wp-json\/wp\/v2\/posts\/7936\/revisions\/7943"}],"wp:attachment":[{"href":"https:\/\/daemlaja.cl\/wp\/wp-json\/wp\/v2\/media?parent=7936"}],"wp:term":[{"taxonomy":"category","embeddable":true,"href":"https:\/\/daemlaja.cl\/wp\/wp-json\/wp\/v2\/categories?post=7936"},{"taxonomy":"post_tag","embeddable":true,"href":"https:\/\/daemlaja.cl\/wp\/wp-json\/wp\/v2\/tags?post=7936"}],"curies":[{"name":"wp","href":"https:\/\/api.w.org\/{rel}","templated":true}]}}