{"id":8615,"date":"2016-06-17T19:25:51","date_gmt":"2016-06-17T19:25:51","guid":{"rendered":"http:\/\/daemlaja.cl\/wp\/?p=8615"},"modified":"2016-06-27T19:38:09","modified_gmt":"2016-06-27T19:38:09","slug":"estudiantes-muestran-la-historia-de-laja-en-exposicion","status":"publish","type":"post","link":"https:\/\/daemlaja.cl\/wp\/estudiantes-muestran-la-historia-de-laja-en-exposicion\/","title":{"rendered":"Estudiantes muestran la historia de Laja en exposici\u00f3n"},"content":{"rendered":"<p>Interesante muestra de recuperaci\u00f3n hist\u00f3rica de la comuna desarroll\u00f3 la escuela Andr\u00e9s Alc\u00e1zar<!--more-->, la que se expuso la ma\u00f1ana de ayer jueves en el hall principal del establecimiento. Esta actividad est\u00e1 enmarcada dentro del plan de convivencia y ciudadan\u00eda que se trabaja en la unidad educativa de una manera did\u00e1ctica y l\u00fadica\u2026ejemplos en esta materia ya han efectuado varios en lo que va del a\u00f1o, hace unos d\u00edas presentaron un verdadero parlamento escolar, con cargos entre el alumnado, otra manera de aprender educaci\u00f3n c\u00edvica.<\/p>\n<p style=\"text-align: justify;\">En la muestra de ayer cada curso junto a sus profesores recopil\u00f3 informaci\u00f3n, historias, im\u00e1genes y art\u00edculos del laja de ayer; sin duda que por esta v\u00eda la historia comunal queda con m\u00e1s facilidad grabada en la memoria de los estudiantes.<\/p>\n<p style=\"text-align: justify;\">El historiador local Kerman Abasolo, dio una charla de los or\u00edgenes de nuestra ciudad, sus primeros habitantes, el paso de los conquistadores, los asentamientos agr\u00edcolas, la industrializaci\u00f3n que cambio el rumbo de Laja en los \u00faltimos sesenta a\u00f1os.<\/p>\n<p style=\"text-align: justify;\">La directora Alejandra Millal\u00e9n coment\u00f3 que no existe pueblo sin memoria, todos los grupos humanos surgen de una historia, de crear formas de convivir para progresar y su colegio ha desarrollado durante este a\u00f1o que sus estudiantes conozcan de donde su escuela ha surgido, como era nuestra comuna en sus inicios, quienes la formaron. As\u00ed los estudiantes de Andr\u00e9s Alc\u00e1zar realizaron tertulias con personajes de la comuna, quienes les han contado desde su mirada como era laja hace unos a\u00f1os y como era esta una de las primeras escuelas de la comuna.<\/p>\n<p style=\"text-align: justify;\">El resultado de la investigaci\u00f3n realizada por los estudiantes y sus profesores es lo que se expuso en la muestra para conocimiento de todos.<\/p>\n<p style=\"text-align: justify;\">Sin duda un trabajo interesante para los estudiantes de la escuela Andr\u00e9s Alc\u00e1zar, conocer e investigar la historia de esta su comuna y compartirla con la comunidad.<\/p>\n\n","protected":false},"excerpt":{"rendered":"<p>Interesante muestra de recuperaci\u00f3n hist\u00f3rica de la comuna desarroll\u00f3 la escuela Andr\u00e9s Alc\u00e1zar<\/p>\n","protected":false},"author":6,"featured_media":0,"comment_status":"closed","ping_status":"closed","sticky":false,"template":"","format":"standard","meta":{"_uag_custom_page_level_css":"","site-sidebar-layout":"default","site-content-layout":"","ast-site-content-layout":"","site-content-style":"default","site-sidebar-style":"default","ast-global-header-display":"","ast-banner-title-visibility":"","ast-main-header-display":"","ast-hfb-above-header-display":"","ast-hfb-below-header-display":"","ast-hfb-mobile-header-display":"","site-post-title":"","ast-breadcrumbs-content":"","ast-featured-img":"","footer-sml-layout":"","theme-transparent-header-meta":"","adv-header-id-meta":"","stick-header-meta":"","header-above-stick-meta":"","header-main-stick-meta":"","header-below-stick-meta":"","astra-migrate-meta-layouts":"default","ast-page-background-enabled":"default","ast-page-background-meta":{"desktop":{"background-color":"var(--ast-global-color-4)","background-image":"","background-repeat":"repeat","background-position":"center center","background-size":"auto","background-attachment":"scroll","background-type":"","background-media":"","overlay-type":"","overlay-color":"","overlay-opacity":"","overlay-gradient":""},"tablet":{"background-color":"","background-image":"","background-repeat":"repeat","background-position":"center center","background-size":"auto","background-attachment":"scroll","background-type":"","background-media":"","overlay-type":"","overlay-color":"","overlay-opacity":"","overlay-gradient":""},"mobile":{"background-color":"","background-image":"","background-repeat":"repeat","background-position":"center center","background-size":"auto","background-attachment":"scroll","background-type":"","background-media":"","overlay-type":"","overlay-color":"","overlay-opacity":"","overlay-gradient":""}},"ast-content-background-meta":{"desktop":{"background-color":"var(--ast-global-color-5)","background-image":"","background-repeat":"repeat","background-position":"center center","background-size":"auto","background-attachment":"scroll","background-type":"","background-media":"","overlay-type":"","overlay-color":"","overlay-opacity":"","overlay-gradient":""},"tablet":{"background-color":"var(--ast-global-color-5)","background-image":"","background-repeat":"repeat","background-position":"center center","background-size":"auto","background-attachment":"scroll","background-type":"","background-media":"","overlay-type":"","overlay-color":"","overlay-opacity":"","overlay-gradient":""},"mobile":{"background-color":"var(--ast-global-color-5)","background-image":"","background-repeat":"repeat","background-position":"center center","background-size":"auto","background-attachment":"scroll","background-type":"","background-media":"","overlay-type":"","overlay-color":"","overlay-opacity":"","overlay-gradient":""}},"ngg_post_thumbnail":0,"footnotes":""},"categories":[28,35],"tags":[],"class_list":["post-8615","post","type-post","status-publish","format-standard","hentry","category-escuelas-de-laja-2014","category-eventos"],"uagb_featured_image_src":{"full":false,"thumbnail":false,"medium":false,"medium_large":false,"large":false,"1536x1536":false,"2048x2048":false},"uagb_author_info":{"display_name":"Cristian Matamala","author_link":false},"uagb_comment_info":0,"uagb_excerpt":"Interesante muestra de recuperaci\u00f3n hist\u00f3rica de la comuna desarroll\u00f3 la escuela Andr\u00e9s Alc\u00e1zar","_links":{"self":[{"href":"https:\/\/daemlaja.cl\/wp\/wp-json\/wp\/v2\/posts\/8615","targetHints":{"allow":["GET"]}}],"collection":[{"href":"https:\/\/daemlaja.cl\/wp\/wp-json\/wp\/v2\/posts"}],"about":[{"href":"https:\/\/daemlaja.cl\/wp\/wp-json\/wp\/v2\/types\/post"}],"author":[{"embeddable":true,"href":"https:\/\/daemlaja.cl\/wp\/wp-json\/wp\/v2\/users\/6"}],"replies":[{"embeddable":true,"href":"https:\/\/daemlaja.cl\/wp\/wp-json\/wp\/v2\/comments?post=8615"}],"version-history":[{"count":3,"href":"https:\/\/daemlaja.cl\/wp\/wp-json\/wp\/v2\/posts\/8615\/revisions"}],"predecessor-version":[{"id":8634,"href":"https:\/\/daemlaja.cl\/wp\/wp-json\/wp\/v2\/posts\/8615\/revisions\/8634"}],"wp:attachment":[{"href":"https:\/\/daemlaja.cl\/wp\/wp-json\/wp\/v2\/media?parent=8615"}],"wp:term":[{"taxonomy":"category","embeddable":true,"href":"https:\/\/daemlaja.cl\/wp\/wp-json\/wp\/v2\/categories?post=8615"},{"taxonomy":"post_tag","embeddable":true,"href":"https:\/\/daemlaja.cl\/wp\/wp-json\/wp\/v2\/tags?post=8615"}],"curies":[{"name":"wp","href":"https:\/\/api.w.org\/{rel}","templated":true}]}}