{"id":8636,"date":"2016-07-07T22:24:30","date_gmt":"2016-07-07T22:24:30","guid":{"rendered":"http:\/\/daemlaja.cl\/wp\/?p=8636"},"modified":"2016-07-07T22:24:30","modified_gmt":"2016-07-07T22:24:30","slug":"liceo-homenajeo-a-alumnos-destacados","status":"publish","type":"post","link":"https:\/\/daemlaja.cl\/wp\/liceo-homenajeo-a-alumnos-destacados\/","title":{"rendered":"Liceo Homenaje\u00f3 a alumnos destacados"},"content":{"rendered":"<p style=\"text-align: justify;\">Anualmente en el mes de julio el liceo H\u00e9roes de la Concepci\u00f3n, conmemora la batalla del mismo nombre<!--more-->, hecho acontecido en la sierra peruana durante la guerra del Pacifico en 1882, combate en que fallecieron 77 j\u00f3venes soldados.<\/p>\n<p style=\"text-align: justify;\">Nuestro liceo recuerda esa gesta heroica y premia a los alumnos m\u00e1s destacados de cada curso, al igual que a los m\u00e1s esforzados. Este acto se realiz\u00f3 este a\u00f1o durante la tarde del pasado martes 5, en Casa de la Cultura, donde un grupo los estudiantes recibieron galardones, frente a sus compa\u00f1eros, profesores y apoderados y autoridades comunales, entre ellos el alcalde Jos\u00e9 Pinto y miembros del concejo comunal.<\/p>\n<p style=\"text-align: justify;\">A nombre del establecimiento habl\u00f3 la orientadora Mar\u00eda Ester Latorre, quien coment\u00f3 que como a\u00f1o a a\u00f1o se reun\u00edan para recordar la valent\u00eda de los 77 H\u00e9roes de la Concepci\u00f3n y como es costumbre en este d\u00eda se homenajea a un grupo de 50 estudiantes por m\u00e9rito acad\u00e9mico y premio al esfuerzo.\u00a0La docente dijo:<\/p>\n<blockquote>\n<p style=\"text-align: justify;\">El resultado obtenido por cada uno de estas se\u00f1oritas y j\u00f3venes es la consecuencia del esfuerzo, sacrificio y convencimiento personal, que s\u00ed se proponen algo lo pueden lograr.<\/p>\n<\/blockquote>\n<p style=\"text-align: justify;\">Coment\u00f3 adem\u00e1s, que los estudiantes galardonados han dado un paso por alcanzar su ideal personal, los llam\u00f3 a no olvidar que el \u00e9xito depende de su propio esfuerzo y eso ellos lo han demostrado ya con creces, inst\u00f3 finalmente a todo el estudiantado a esforzarse seguir por esta senda que puede ser sacrificada en momentos pero que concluye con el \u00e9xito.<\/p>\n<p style=\"text-align: justify;\">Los galardones fueron entregados a los estudiantes por sus profesores jefes y directivos del establecimiento.<\/p>\n<p style=\"text-align: justify;\">En la oportunidad se present\u00f3 el grupo instrumental del liceo, que como es costumbre acapara aplausos especialmente en el instante que interpreta el himno del liceo.<\/p>\n<p style=\"text-align: justify;\">\n\n","protected":false},"excerpt":{"rendered":"<p>Anualmente en el mes de julio el liceo H\u00e9roes de la Concepci\u00f3n, conmemora la batalla del mismo nombre<\/p>\n","protected":false},"author":6,"featured_media":0,"comment_status":"closed","ping_status":"closed","sticky":false,"template":"","format":"standard","meta":{"_uag_custom_page_level_css":"","site-sidebar-layout":"default","site-content-layout":"","ast-site-content-layout":"","site-content-style":"default","site-sidebar-style":"default","ast-global-header-display":"","ast-banner-title-visibility":"","ast-main-header-display":"","ast-hfb-above-header-display":"","ast-hfb-below-header-display":"","ast-hfb-mobile-header-display":"","site-post-title":"","ast-breadcrumbs-content":"","ast-featured-img":"","footer-sml-layout":"","theme-transparent-header-meta":"","adv-header-id-meta":"","stick-header-meta":"","header-above-stick-meta":"","header-main-stick-meta":"","header-below-stick-meta":"","astra-migrate-meta-layouts":"default","ast-page-background-enabled":"default","ast-page-background-meta":{"desktop":{"background-color":"var(--ast-global-color-4)","background-image":"","background-repeat":"repeat","background-position":"center center","background-size":"auto","background-attachment":"scroll","background-type":"","background-media":"","overlay-type":"","overlay-color":"","overlay-opacity":"","overlay-gradient":""},"tablet":{"background-color":"","background-image":"","background-repeat":"repeat","background-position":"center center","background-size":"auto","background-attachment":"scroll","background-type":"","background-media":"","overlay-type":"","overlay-color":"","overlay-opacity":"","overlay-gradient":""},"mobile":{"background-color":"","background-image":"","background-repeat":"repeat","background-position":"center center","background-size":"auto","background-attachment":"scroll","background-type":"","background-media":"","overlay-type":"","overlay-color":"","overlay-opacity":"","overlay-gradient":""}},"ast-content-background-meta":{"desktop":{"background-color":"var(--ast-global-color-5)","background-image":"","background-repeat":"repeat","background-position":"center center","background-size":"auto","background-attachment":"scroll","background-type":"","background-media":"","overlay-type":"","overlay-color":"","overlay-opacity":"","overlay-gradient":""},"tablet":{"background-color":"var(--ast-global-color-5)","background-image":"","background-repeat":"repeat","background-position":"center center","background-size":"auto","background-attachment":"scroll","background-type":"","background-media":"","overlay-type":"","overlay-color":"","overlay-opacity":"","overlay-gradient":""},"mobile":{"background-color":"var(--ast-global-color-5)","background-image":"","background-repeat":"repeat","background-position":"center center","background-size":"auto","background-attachment":"scroll","background-type":"","background-media":"","overlay-type":"","overlay-color":"","overlay-opacity":"","overlay-gradient":""}},"ngg_post_thumbnail":0,"footnotes":""},"categories":[29],"tags":[],"class_list":["post-8636","post","type-post","status-publish","format-standard","hentry","category-liceo-heroes-de-la-concepcion"],"uagb_featured_image_src":{"full":false,"thumbnail":false,"medium":false,"medium_large":false,"large":false,"1536x1536":false,"2048x2048":false},"uagb_author_info":{"display_name":"Cristian Matamala","author_link":false},"uagb_comment_info":0,"uagb_excerpt":"Anualmente en el mes de julio el liceo H\u00e9roes de la Concepci\u00f3n, conmemora la batalla del mismo nombre","_links":{"self":[{"href":"https:\/\/daemlaja.cl\/wp\/wp-json\/wp\/v2\/posts\/8636","targetHints":{"allow":["GET"]}}],"collection":[{"href":"https:\/\/daemlaja.cl\/wp\/wp-json\/wp\/v2\/posts"}],"about":[{"href":"https:\/\/daemlaja.cl\/wp\/wp-json\/wp\/v2\/types\/post"}],"author":[{"embeddable":true,"href":"https:\/\/daemlaja.cl\/wp\/wp-json\/wp\/v2\/users\/6"}],"replies":[{"embeddable":true,"href":"https:\/\/daemlaja.cl\/wp\/wp-json\/wp\/v2\/comments?post=8636"}],"version-history":[{"count":1,"href":"https:\/\/daemlaja.cl\/wp\/wp-json\/wp\/v2\/posts\/8636\/revisions"}],"predecessor-version":[{"id":8655,"href":"https:\/\/daemlaja.cl\/wp\/wp-json\/wp\/v2\/posts\/8636\/revisions\/8655"}],"wp:attachment":[{"href":"https:\/\/daemlaja.cl\/wp\/wp-json\/wp\/v2\/media?parent=8636"}],"wp:term":[{"taxonomy":"category","embeddable":true,"href":"https:\/\/daemlaja.cl\/wp\/wp-json\/wp\/v2\/categories?post=8636"},{"taxonomy":"post_tag","embeddable":true,"href":"https:\/\/daemlaja.cl\/wp\/wp-json\/wp\/v2\/tags?post=8636"}],"curies":[{"name":"wp","href":"https:\/\/api.w.org\/{rel}","templated":true}]}}